{"id":43109,"date":"2023-07-25T09:22:28","date_gmt":"2023-07-25T15:22:28","guid":{"rendered":"https:\/\/encuentroinformativo.com.mx\/?p=43109"},"modified":"2023-07-25T09:22:45","modified_gmt":"2023-07-25T15:22:45","slug":"del-rio-virgen-timorato","status":"publish","type":"post","link":"https:\/\/encuentroinformativo.com.mx\/?p=43109","title":{"rendered":"DEL R\u00cdO VIRGEN, TIMORATO"},"content":{"rendered":"\n<p><strong>Los Pol\u00edticos<\/strong><\/p>\n\n\n\n<p><strong>Salvador Mu\u00f1oz<\/strong><\/p>\n\n\n\n<p>Todo indica que Movimiento Ciudadano est\u00e1 empecinado, al menos en Veracruz, a que la elecci\u00f3n se juegue en dos bandos: Morena vs Frentistas.<\/p>\n\n\n\n<p>El dedo que le levantaron a Jos\u00e9 Manuel del R\u00edo Virgen es la mejor se\u00f1al de que los naranjas no quieren participar y en una de \u00e9sas, ni duplicar el porcentaje de votos de la pasada contienda electoral y por ende, tener presencia en la bancada local.<\/p>\n\n\n\n<p>No es que Jos\u00e9 Manuel del R\u00edo no sepa de lo que es una elecci\u00f3n o la administraci\u00f3n p\u00fablica; no es que se le niegue su derecho a aspirar; pero en su momento, \u00e9l mismo vino a echar abajo el deseo de muchos, cuando incluso, ante un grupo de senadores, tres d\u00edas despu\u00e9s de abandonar el encierro injusto al que estaba sometido por el gobierno de Cuitl\u00e1huac, se baj\u00f3 del treN, no le quiso entrar a la contienda, le sac\u00f3 al parche, le hizo cusc\u00fas, se arrug\u00f3\u2026<\/p>\n\n\n\n<p>La cr\u00f3nica de ese momento narra que el mismo Dante Delgado, hace casi un a\u00f1o, all\u00e1 por junio, exclam\u00f3 a los reporteros: \u201cTenemos candidato!\u201d<\/p>\n\n\n\n<p>A lo que Jos\u00e9 Manuel respondi\u00f3: \u201cNo, si ahorita me entambaron, me van a meter un balazo. Cuitl\u00e1huac (Garc\u00eda) es capaz de eso y m\u00e1s\u201d.<\/p>\n\n\n\n<p>Y \u00e9se fue el destape y al mismo tiempo, la bajada m\u00e1s r\u00e1pida que la pol\u00edtica al menos en Veracruz, haya tenido\u2026 \u00a1ni Manuel Carbonell!<\/p>\n\n\n\n<p>Es decir: tres d\u00edas despu\u00e9s de haber abandonado la c\u00e1rcel, las estrellas se alineaban a favor de Jos\u00e9 Manuel del R\u00edo Virgen\u2026<\/p>\n\n\n\n<p>Ten\u00eda el apoyo de Dante Delgado y Ricardo Monreal; y si le apretaba el paso, se podr\u00eda haber ganado a Claudia Ruiz Massieu y Osorio Chong adem\u00e1s de Miguel Mancera\u2026<\/p>\n\n\n\n<p>Pudo haber iniciado una cruzada los fines de semana o entresemana, dependiendo de lo que la secretar\u00eda t\u00e9cnica de la Jucopo le permitiera\u2026 era un m\u00e1rtir pol\u00edtico, de los tantos que est\u00e1n injustamente en las c\u00e1rceles de Veracruz, y que pudo haber sido la voz de tantos y tantos veracruzanos\u2026 y se qued\u00f3 callado todo un a\u00f1o\u2026<\/p>\n\n\n\n<p>\u00bfNo eran los tiempos? Al contrario, \u00a1era el mejor momento para \u00e9l! La tuvo, era suya\u2026 y la dej\u00f3 ir\u2026 por timorato\u2026<\/p>\n\n\n\n<p>De Movimiento Ciudadano se espera a nivel nacional que oferte una opci\u00f3n tan buena como la que surge con X\u00f3chitl\u2026 Mismo deseo que se espera del Frente en Veracruz\u2026 mismo deseo que se \u201cesperaba\u201d de los naranjas en Veracruz\u2026<\/p>\n\n\n\n<p>\u00a1Vamos! En una de \u00e9sas, est\u00e1 mejor posicionado Sergio Gil Rull\u00e1n quien se mantiene latente y como cuchillito de palo enfoc\u00e1ndose en la administraci\u00f3n estatal\u2026 hosco, seco, certero y punzante en sus argumentos\u2026<\/p>\n\n\n\n<p>Es posible que tenga m\u00e1s presencia Ruth Callejas por su confrontaci\u00f3n con el secretario de Desgobierno, al ponerlo en la orilla de los agresores o violentadores pol\u00edticos\u2026<\/p>\n\n\n\n<p>Ojal\u00e1 Jos\u00e9 Manuel del R\u00edo Virgen sea solo una \u201ctanteada de agua a los camotes\u201d&#8230; pero si va en serio, pues mejor que se abstenga de participar en el 2024\u2026<\/p>\n","protected":false},"excerpt":{"rendered":"<p>Los Pol\u00edticos Salvador Mu\u00f1oz Todo indica que Movimiento Ciudadano est\u00e1 empecinado, al menos en Veracruz, a que la elecci\u00f3n se juegue en dos bandos: Morena vs Frentistas. El dedo que le levantaron a Jos\u00e9 Manuel del R\u00edo Virgen es la mejor se\u00f1al de que los naranjas no quieren participar y en una de \u00e9sas, ni [&hellip;]<\/p>\n","protected":false},"author":2476,"featured_media":387,"comment_status":"open","ping_status":"open","sticky":false,"template":"","format":"standard","meta":{"_jetpack_memberships_contains_paid_content":false,"footnotes":""},"categories":[11],"tags":[],"class_list":["post-43109","post","type-post","status-publish","format-standard","has-post-thumbnail","hentry","category-opinion"],"jetpack_featured_media_url":"https:\/\/encuentroinformativo.com.mx\/wp-content\/uploads\/2020\/03\/7CF8A22B-2764-47BE-8F7F-38FE9E5D6A2F.jpeg","jetpack_sharing_enabled":true,"jetpack_likes_enabled":true,"amp_enabled":true,"_links":{"self":[{"href":"https:\/\/encuentroinformativo.com.mx\/index.php?rest_route=\/wp\/v2\/posts\/43109","targetHints":{"allow":["GET"]}}],"collection":[{"href":"https:\/\/encuentroinformativo.com.mx\/index.php?rest_route=\/wp\/v2\/posts"}],"about":[{"href":"https:\/\/encuentroinformativo.com.mx\/index.php?rest_route=\/wp\/v2\/types\/post"}],"author":[{"embeddable":true,"href":"https:\/\/encuentroinformativo.com.mx\/index.php?rest_route=\/wp\/v2\/users\/2476"}],"replies":[{"embeddable":true,"href":"https:\/\/encuentroinformativo.com.mx\/index.php?rest_route=%2Fwp%2Fv2%2Fcomments&post=43109"}],"version-history":[{"count":1,"href":"https:\/\/encuentroinformativo.com.mx\/index.php?rest_route=\/wp\/v2\/posts\/43109\/revisions"}],"predecessor-version":[{"id":43110,"href":"https:\/\/encuentroinformativo.com.mx\/index.php?rest_route=\/wp\/v2\/posts\/43109\/revisions\/43110"}],"wp:featuredmedia":[{"embeddable":true,"href":"https:\/\/encuentroinformativo.com.mx\/index.php?rest_route=\/wp\/v2\/media\/387"}],"wp:attachment":[{"href":"https:\/\/encuentroinformativo.com.mx\/index.php?rest_route=%2Fwp%2Fv2%2Fmedia&parent=43109"}],"wp:term":[{"taxonomy":"category","embeddable":true,"href":"https:\/\/encuentroinformativo.com.mx\/index.php?rest_route=%2Fwp%2Fv2%2Fcategories&post=43109"},{"taxonomy":"post_tag","embeddable":true,"href":"https:\/\/encuentroinformativo.com.mx\/index.php?rest_route=%2Fwp%2Fv2%2Ftags&post=43109"}],"curies":[{"name":"wp","href":"https:\/\/api.w.org\/{rel}","templated":true}]}}