{"id":43113,"date":"2023-07-25T10:51:31","date_gmt":"2023-07-25T16:51:31","guid":{"rendered":"https:\/\/encuentroinformativo.com.mx\/?p=43113"},"modified":"2023-07-25T10:52:02","modified_gmt":"2023-07-25T16:52:02","slug":"avanza-construccion-de-puente-en-zona-de-las-trancas","status":"publish","type":"post","link":"https:\/\/encuentroinformativo.com.mx\/?p=43113","title":{"rendered":"Avanza construcci\u00f3n de puente en zona de Las Trancas"},"content":{"rendered":"\n<p><strong>Juan Arcos <\/strong><\/p>\n\n\n\n<p>Xalapa, Ver.- La construcci\u00f3n del puente en la zona de Las Trancas presenta un avance significativo con el levantamiento de pilares y trabes sobre la carretera federal Xalapa-Veracruz, a la altura de la colonia El Olmo.<\/p>\n\n\n\n<p>Los trabajadores de la obra comentaron que a partir del lunes 24 de julio se realizan las maniobras para la construcci\u00f3n de diez trabes de concreto hidr\u00e1ulico.<\/p>\n\n\n\n<p>Tambi\u00e9n se labora en la colocaci\u00f3n de herrer\u00eda y acero. En el punto se observa la maquinaria pesada y decenas de empleados.<\/p>\n\n\n\n<p>Comentaron que ser\u00e1n 30 trabes las que soporten el peso de las planchas de concreto, donde posteriormente circular\u00e1n los veh\u00edculos.<\/p>\n\n\n\n<p>Las trabes comenzaron a llegar desde el pasado s\u00e1bado 22 de julio y los empleados han iniciado la colocaci\u00f3n correspondiente.La obra arranc\u00f3 el pasado 11 de abril y podr\u00eda concluirse antes de diciembre de este a\u00f1o. Los trabajos est\u00e1n a cargo del gobierno estatal.<\/p>\n\n\n\n<p>El Paso Superior Vehicular (PSV) contempla la edificaci\u00f3n de 400 metros lineales, desde el cruce marcado con sem\u00e1foros hasta el puente peatonal de El Olmo.<\/p>\n\n\n\n<p>Para estos trabajos se ha tenido que cerrar la carretera de manera parcial, por lo que se pide a los pobladores tener precauci\u00f3n al transitar en la zona.<\/p>\n","protected":false},"excerpt":{"rendered":"<p>Juan Arcos Xalapa, Ver.- La construcci\u00f3n del puente en la zona de Las Trancas presenta un avance significativo con el levantamiento de pilares y trabes sobre la carretera federal Xalapa-Veracruz, a la altura de la colonia El Olmo. Los trabajadores de la obra comentaron que a partir del lunes 24 de julio se realizan las [&hellip;]<\/p>\n","protected":false},"author":2476,"featured_media":43114,"comment_status":"open","ping_status":"open","sticky":false,"template":"","format":"standard","meta":{"_jetpack_memberships_contains_paid_content":false,"footnotes":""},"categories":[3],"tags":[],"class_list":["post-43113","post","type-post","status-publish","format-standard","has-post-thumbnail","hentry","category-xalapa"],"jetpack_featured_media_url":"https:\/\/encuentroinformativo.com.mx\/wp-content\/uploads\/2023\/07\/a703581e-39aa-41e4-a846-daec856b8633.jpg","jetpack_sharing_enabled":true,"jetpack_likes_enabled":true,"amp_enabled":true,"_links":{"self":[{"href":"https:\/\/encuentroinformativo.com.mx\/index.php?rest_route=\/wp\/v2\/posts\/43113","targetHints":{"allow":["GET"]}}],"collection":[{"href":"https:\/\/encuentroinformativo.com.mx\/index.php?rest_route=\/wp\/v2\/posts"}],"about":[{"href":"https:\/\/encuentroinformativo.com.mx\/index.php?rest_route=\/wp\/v2\/types\/post"}],"author":[{"embeddable":true,"href":"https:\/\/encuentroinformativo.com.mx\/index.php?rest_route=\/wp\/v2\/users\/2476"}],"replies":[{"embeddable":true,"href":"https:\/\/encuentroinformativo.com.mx\/index.php?rest_route=%2Fwp%2Fv2%2Fcomments&post=43113"}],"version-history":[{"count":1,"href":"https:\/\/encuentroinformativo.com.mx\/index.php?rest_route=\/wp\/v2\/posts\/43113\/revisions"}],"predecessor-version":[{"id":43115,"href":"https:\/\/encuentroinformativo.com.mx\/index.php?rest_route=\/wp\/v2\/posts\/43113\/revisions\/43115"}],"wp:featuredmedia":[{"embeddable":true,"href":"https:\/\/encuentroinformativo.com.mx\/index.php?rest_route=\/wp\/v2\/media\/43114"}],"wp:attachment":[{"href":"https:\/\/encuentroinformativo.com.mx\/index.php?rest_route=%2Fwp%2Fv2%2Fmedia&parent=43113"}],"wp:term":[{"taxonomy":"category","embeddable":true,"href":"https:\/\/encuentroinformativo.com.mx\/index.php?rest_route=%2Fwp%2Fv2%2Fcategories&post=43113"},{"taxonomy":"post_tag","embeddable":true,"href":"https:\/\/encuentroinformativo.com.mx\/index.php?rest_route=%2Fwp%2Fv2%2Ftags&post=43113"}],"curies":[{"name":"wp","href":"https:\/\/api.w.org\/{rel}","templated":true}]}}