{"id":43119,"date":"2023-07-25T11:40:22","date_gmt":"2023-07-25T17:40:22","guid":{"rendered":"https:\/\/encuentroinformativo.com.mx\/?p=43119"},"modified":"2023-07-25T11:41:01","modified_gmt":"2023-07-25T17:41:01","slug":"no-hay-tiempo-para-grillas-gomez-cazarin","status":"publish","type":"post","link":"https:\/\/encuentroinformativo.com.mx\/?p=43119","title":{"rendered":"No hay tiempo para grillas: G\u00f3mez Cazar\u00edn"},"content":{"rendered":"\n<p><strong>Alejandro \u00c1vila<\/strong><\/p>\n\n\n\n<p>Veracruz, Ver.- El escuchar las propuestas de quienes podr\u00edan integrar la pr\u00f3ximo Mesa Directiva del Congreso de Veracruz es una prioridad legislativa, asegur\u00f3 el presidente de la Junta de Coordinaci\u00f3n Pol\u00edtica (Jucopo), Juan Javier G\u00f3mez Cazar\u00edn.<\/p>\n\n\n\n<p>En ese sentido, el legislador manifest\u00f3 que no hay tiempo para &#8220;grillas&#8221;, en cambio se encuentra enfocado en atender cada mi\u00e9rcoles a los ciudadanos acuden al Congreso de Veracruz en busca de una soluci\u00f3n a sus problemas.<\/p>\n\n\n\n<p>\u201cBueno pues ahorita estamos preparando ya a los diputados que van a estar en la Permanente; tambi\u00e9n se tiene que escuchar y ver las propuestas para quienes van a ocupar para el periodo que viene la Presidencia del Congreso del Estado\u201d, subray\u00f3.<\/p>\n\n\n\n<p>G\u00f3mez Cazar\u00edn dijo que el Congreso debe ser abierto y permitir la participaci\u00f3n de todos los legisladores, por ello es que es necesario que se vaya cambiando la Mesa Directiva y as\u00ed dar oportunidad a otros y otras.<\/p>\n\n\n\n<p>\u201cNo queremos que se siga repitiendo y que siga estando la misma persona en la directiva, hay que darle la oportunidad a otros diputados de que est\u00e9n tambi\u00e9n ah\u00ed trabajando de manera coordinada. Entonces, pues esos son los temas de m\u00e1s relevancia en el Congreso del Estado de Veracruz\u201d, recalc\u00f3.&nbsp;<\/p>\n","protected":false},"excerpt":{"rendered":"<p>Alejandro \u00c1vila Veracruz, Ver.- El escuchar las propuestas de quienes podr\u00edan integrar la pr\u00f3ximo Mesa Directiva del Congreso de Veracruz es una prioridad legislativa, asegur\u00f3 el presidente de la Junta de Coordinaci\u00f3n Pol\u00edtica (Jucopo), Juan Javier G\u00f3mez Cazar\u00edn. En ese sentido, el legislador manifest\u00f3 que no hay tiempo para &#8220;grillas&#8221;, en cambio se encuentra enfocado [&hellip;]<\/p>\n","protected":false},"author":2476,"featured_media":43120,"comment_status":"open","ping_status":"open","sticky":false,"template":"","format":"standard","meta":{"_jetpack_memberships_contains_paid_content":false,"footnotes":""},"categories":[2],"tags":[],"class_list":["post-43119","post","type-post","status-publish","format-standard","has-post-thumbnail","hentry","category-estado"],"jetpack_featured_media_url":"https:\/\/encuentroinformativo.com.mx\/wp-content\/uploads\/2023\/07\/IMG-20230725-WA0013.jpg","jetpack_sharing_enabled":true,"jetpack_likes_enabled":true,"amp_enabled":true,"_links":{"self":[{"href":"https:\/\/encuentroinformativo.com.mx\/index.php?rest_route=\/wp\/v2\/posts\/43119","targetHints":{"allow":["GET"]}}],"collection":[{"href":"https:\/\/encuentroinformativo.com.mx\/index.php?rest_route=\/wp\/v2\/posts"}],"about":[{"href":"https:\/\/encuentroinformativo.com.mx\/index.php?rest_route=\/wp\/v2\/types\/post"}],"author":[{"embeddable":true,"href":"https:\/\/encuentroinformativo.com.mx\/index.php?rest_route=\/wp\/v2\/users\/2476"}],"replies":[{"embeddable":true,"href":"https:\/\/encuentroinformativo.com.mx\/index.php?rest_route=%2Fwp%2Fv2%2Fcomments&post=43119"}],"version-history":[{"count":1,"href":"https:\/\/encuentroinformativo.com.mx\/index.php?rest_route=\/wp\/v2\/posts\/43119\/revisions"}],"predecessor-version":[{"id":43121,"href":"https:\/\/encuentroinformativo.com.mx\/index.php?rest_route=\/wp\/v2\/posts\/43119\/revisions\/43121"}],"wp:featuredmedia":[{"embeddable":true,"href":"https:\/\/encuentroinformativo.com.mx\/index.php?rest_route=\/wp\/v2\/media\/43120"}],"wp:attachment":[{"href":"https:\/\/encuentroinformativo.com.mx\/index.php?rest_route=%2Fwp%2Fv2%2Fmedia&parent=43119"}],"wp:term":[{"taxonomy":"category","embeddable":true,"href":"https:\/\/encuentroinformativo.com.mx\/index.php?rest_route=%2Fwp%2Fv2%2Fcategories&post=43119"},{"taxonomy":"post_tag","embeddable":true,"href":"https:\/\/encuentroinformativo.com.mx\/index.php?rest_route=%2Fwp%2Fv2%2Ftags&post=43119"}],"curies":[{"name":"wp","href":"https:\/\/api.w.org\/{rel}","templated":true}]}}