{"id":4312,"date":"2020-07-22T13:17:24","date_gmt":"2020-07-22T18:17:24","guid":{"rendered":"https:\/\/encuentroinformativo.com\/?p=4312"},"modified":"2020-07-22T13:17:26","modified_gmt":"2020-07-22T18:17:26","slug":"diputado-por-misantla-positivo-a-covid","status":"publish","type":"post","link":"https:\/\/encuentroinformativo.com.mx\/?p=4312","title":{"rendered":"Diputado por Misantla positivo a Covid"},"content":{"rendered":"\n<p><strong>Redacci\u00f3n&nbsp;<\/strong><\/p>\n\n\n\n<p>Xalapa, Ver.- El diputado local Carlos Jim\u00e9nez \u201cEl Potrillo\u201d exhort\u00f3 a la poblaci\u00f3n en general a mantener las medidas de prevenci\u00f3n necesarias para disminuir el riesgo de Covid.&nbsp;<\/p>\n\n\n\n<p>Ello despu\u00e9s de confirmar que hace unos d\u00edas, \u00e9l se realiz\u00f3 la prueba y dio positivo. A trav\u00e9s de redes sociales el legislador por Misantla agradeci\u00f3 la preocupaci\u00f3n dijo de sus amigos y familiares quienes han estado al pendiente del restablecimiento de su salud. &nbsp;<\/p>\n\n\n\n<p>\u201cEn estos d\u00edas tan complicados donde sal\u00ed positivo a Covid, los que tenemos necesidad de salir por trabajo o alguna otra circunstancia no estamos exentos de podernos contagiar. Hoy m\u00e1s que nunca, el uso de cubrebocas es un factor important\u00edsimo para disminuir este riesgo\u201d.&nbsp;<\/p>\n\n\n\n<p>Por lo que el legislador reiter\u00f3 la importancia de usar el cubrebocas, as\u00ed como el uso de gel antibacterial y la sana distancia, adem\u00e1s de acudir al servicio m\u00e9dico al presentar los primeros s\u00edntomas.<\/p>\n\n\n\n<p>\u201cAgradezco a Dios por esta segunda oportunidad que me compromete para seguir trabajando con ustedes por el beneficio de Veracruz\u201d, enfatiz\u00f3.<\/p>\n","protected":false},"excerpt":{"rendered":"<p>Redacci\u00f3n&nbsp; Xalapa, Ver.- El diputado local Carlos Jim\u00e9nez \u201cEl Potrillo\u201d exhort\u00f3 a la poblaci\u00f3n en general a mantener las medidas de prevenci\u00f3n necesarias para disminuir el riesgo de Covid.&nbsp; Ello despu\u00e9s de confirmar que hace unos d\u00edas, \u00e9l se realiz\u00f3 la prueba y dio positivo. A trav\u00e9s de redes sociales el legislador por Misantla agradeci\u00f3 [&hellip;]<\/p>\n","protected":false},"author":1,"featured_media":4313,"comment_status":"open","ping_status":"open","sticky":false,"template":"","format":"standard","meta":{"_jetpack_memberships_contains_paid_content":false,"footnotes":""},"categories":[2],"tags":[],"class_list":["post-4312","post","type-post","status-publish","format-standard","has-post-thumbnail","hentry","category-estado"],"jetpack_featured_media_url":"https:\/\/encuentroinformativo.com.mx\/wp-content\/uploads\/2020\/07\/61DF842B-3F20-49C2-BE52-22EBBBA987E9.jpeg","jetpack_sharing_enabled":true,"jetpack_likes_enabled":true,"amp_enabled":true,"_links":{"self":[{"href":"https:\/\/encuentroinformativo.com.mx\/index.php?rest_route=\/wp\/v2\/posts\/4312","targetHints":{"allow":["GET"]}}],"collection":[{"href":"https:\/\/encuentroinformativo.com.mx\/index.php?rest_route=\/wp\/v2\/posts"}],"about":[{"href":"https:\/\/encuentroinformativo.com.mx\/index.php?rest_route=\/wp\/v2\/types\/post"}],"author":[{"embeddable":true,"href":"https:\/\/encuentroinformativo.com.mx\/index.php?rest_route=\/wp\/v2\/users\/1"}],"replies":[{"embeddable":true,"href":"https:\/\/encuentroinformativo.com.mx\/index.php?rest_route=%2Fwp%2Fv2%2Fcomments&post=4312"}],"version-history":[{"count":1,"href":"https:\/\/encuentroinformativo.com.mx\/index.php?rest_route=\/wp\/v2\/posts\/4312\/revisions"}],"predecessor-version":[{"id":4314,"href":"https:\/\/encuentroinformativo.com.mx\/index.php?rest_route=\/wp\/v2\/posts\/4312\/revisions\/4314"}],"wp:featuredmedia":[{"embeddable":true,"href":"https:\/\/encuentroinformativo.com.mx\/index.php?rest_route=\/wp\/v2\/media\/4313"}],"wp:attachment":[{"href":"https:\/\/encuentroinformativo.com.mx\/index.php?rest_route=%2Fwp%2Fv2%2Fmedia&parent=4312"}],"wp:term":[{"taxonomy":"category","embeddable":true,"href":"https:\/\/encuentroinformativo.com.mx\/index.php?rest_route=%2Fwp%2Fv2%2Fcategories&post=4312"},{"taxonomy":"post_tag","embeddable":true,"href":"https:\/\/encuentroinformativo.com.mx\/index.php?rest_route=%2Fwp%2Fv2%2Ftags&post=4312"}],"curies":[{"name":"wp","href":"https:\/\/api.w.org\/{rel}","templated":true}]}}