{"id":43124,"date":"2023-07-25T13:07:08","date_gmt":"2023-07-25T19:07:08","guid":{"rendered":"https:\/\/encuentroinformativo.com.mx\/?p=43124"},"modified":"2023-07-25T13:07:37","modified_gmt":"2023-07-25T19:07:37","slug":"promueven-amparo-colectivo-contra-espectaculos-taurinos-en-xico","status":"publish","type":"post","link":"https:\/\/encuentroinformativo.com.mx\/?p=43124","title":{"rendered":"Promueven amparo colectivo contra espect\u00e1culos taurinos en Xico"},"content":{"rendered":"\n<p><strong>Dar\u00edo Pale <\/strong><\/p>\n\n\n\n<p>Xalapa, Ver.- Claudia Leonardo, asesora legal del Movimiento Conciencia, dio a conocer que promovieron un amparo colectivo contra espect\u00e1culos taurinos en Xico, detall\u00f3 que fue promovido este lunes 17 de julio.<\/p>\n\n\n\n<p>En conferencia de prensa se\u00f1alaron que luego de la capea llevada a cabo en el municipio de Xico, este s\u00e1bado 22 de julio, como parte de las fiestas en honor a Santa Mar\u00eda Magdalena, organizaciones de la sociedad civil promovieron un amparo colectivo para solicitar la suspensi\u00f3n de los espect\u00e1culos taurinos.<\/p>\n\n\n\n<p>&#8220;Es el primer amparo colectivo en el estado de Veracruz que busca la prohibici\u00f3n de espect\u00e1culos taurinos&#8221;, se\u00f1al\u00f3.<\/p>\n\n\n\n<p>Expres\u00f3 que la capea representa una flagrante violaci\u00f3n a la Ley, que pone en riesgo la vida de las personas, adem\u00e1s de que dicho festejo hace caso omiso a la Ley de Protecci\u00f3n Animal vigente en el Estado.<\/p>\n\n\n\n<p>Por su parte, Rafael Bravo, integrante de Regalemos un Paraizoo, inform\u00f3 que tuvieron acercamiento con el DIF Estatal y con la Procuradur\u00eda Estatal de Protecci\u00f3n de Ni\u00f1as, Ni\u00f1os y Adolescentes para recordarles que no se pod\u00eda permitir la entrada de menores a la corrida de toros que se llev\u00f3 a cabo el mismo s\u00e1bado.<\/p>\n\n\n\n<p>Finalmente se\u00f1al\u00f3 que, &#8220;no podemos seguir justificando que tanto el arte, la cultura y las tradiciones solamente porque son denominadas como tal, cuando ponen en riesgo la vida de los animales y la integridad de ni\u00f1as, ni\u00f1os y adolescentes&#8221;.<\/p>\n","protected":false},"excerpt":{"rendered":"<p>Dar\u00edo Pale Xalapa, Ver.- Claudia Leonardo, asesora legal del Movimiento Conciencia, dio a conocer que promovieron un amparo colectivo contra espect\u00e1culos taurinos en Xico, detall\u00f3 que fue promovido este lunes 17 de julio. En conferencia de prensa se\u00f1alaron que luego de la capea llevada a cabo en el municipio de Xico, este s\u00e1bado 22 de [&hellip;]<\/p>\n","protected":false},"author":2476,"featured_media":43125,"comment_status":"open","ping_status":"open","sticky":false,"template":"","format":"standard","meta":{"_jetpack_memberships_contains_paid_content":false,"footnotes":""},"categories":[8],"tags":[],"class_list":["post-43124","post","type-post","status-publish","format-standard","has-post-thumbnail","hentry","category-region"],"jetpack_featured_media_url":"https:\/\/encuentroinformativo.com.mx\/wp-content\/uploads\/2023\/07\/IMG-20230725-WA00222.jpg","jetpack_sharing_enabled":true,"jetpack_likes_enabled":true,"amp_enabled":true,"_links":{"self":[{"href":"https:\/\/encuentroinformativo.com.mx\/index.php?rest_route=\/wp\/v2\/posts\/43124","targetHints":{"allow":["GET"]}}],"collection":[{"href":"https:\/\/encuentroinformativo.com.mx\/index.php?rest_route=\/wp\/v2\/posts"}],"about":[{"href":"https:\/\/encuentroinformativo.com.mx\/index.php?rest_route=\/wp\/v2\/types\/post"}],"author":[{"embeddable":true,"href":"https:\/\/encuentroinformativo.com.mx\/index.php?rest_route=\/wp\/v2\/users\/2476"}],"replies":[{"embeddable":true,"href":"https:\/\/encuentroinformativo.com.mx\/index.php?rest_route=%2Fwp%2Fv2%2Fcomments&post=43124"}],"version-history":[{"count":1,"href":"https:\/\/encuentroinformativo.com.mx\/index.php?rest_route=\/wp\/v2\/posts\/43124\/revisions"}],"predecessor-version":[{"id":43126,"href":"https:\/\/encuentroinformativo.com.mx\/index.php?rest_route=\/wp\/v2\/posts\/43124\/revisions\/43126"}],"wp:featuredmedia":[{"embeddable":true,"href":"https:\/\/encuentroinformativo.com.mx\/index.php?rest_route=\/wp\/v2\/media\/43125"}],"wp:attachment":[{"href":"https:\/\/encuentroinformativo.com.mx\/index.php?rest_route=%2Fwp%2Fv2%2Fmedia&parent=43124"}],"wp:term":[{"taxonomy":"category","embeddable":true,"href":"https:\/\/encuentroinformativo.com.mx\/index.php?rest_route=%2Fwp%2Fv2%2Fcategories&post=43124"},{"taxonomy":"post_tag","embeddable":true,"href":"https:\/\/encuentroinformativo.com.mx\/index.php?rest_route=%2Fwp%2Fv2%2Ftags&post=43124"}],"curies":[{"name":"wp","href":"https:\/\/api.w.org\/{rel}","templated":true}]}}