{"id":43127,"date":"2023-07-25T13:17:35","date_gmt":"2023-07-25T19:17:35","guid":{"rendered":"https:\/\/encuentroinformativo.com.mx\/?p=43127"},"modified":"2023-07-25T13:18:13","modified_gmt":"2023-07-25T19:18:13","slug":"reclaman-avances-en-investigaciones-por-crimenes-de-odio","status":"publish","type":"post","link":"https:\/\/encuentroinformativo.com.mx\/?p=43127","title":{"rendered":"Reclaman avances en investigaciones por cr\u00edmenes de odio"},"content":{"rendered":"\n<p><strong>Juan Arcos <\/strong><\/p>\n\n\n\n<p>Xalapa, Ver.- Integrantes de la comunidad diversa protestaron afuera de la Fiscal\u00eda General del Estado (FGE) y bloquearon la avenida Arco Sur, en la ciudad de Xalapa, para exigir justicia y que cesen los cr\u00edmenes de odio por homofobia.<\/p>\n\n\n\n<p>Los quejosos reclamaron a las autoridades avances en las investigaciones por los 15 casos registrados en lo que va de este a\u00f1o en el estado de Veracruz.<\/p>\n\n\n\n<p>De acuerdo con Leonardo Ruiz Moreno, presidente de la asociaci\u00f3n Civil Orgullo Xalapa, van m\u00e1s de 200 cr\u00edmenes de odio en Veracruz durante los \u00faltimos tres a\u00f1os.<\/p>\n\n\n\n<p>\u201cPor la nula respuesta a los cr\u00edmenes de odio que han suscitado en el estado de Veracruz, m\u00e1s de 15 cr\u00edmenes, m\u00e1s de 200 en los \u00faltimos tres a\u00f1os\u201d, increp\u00f3.<\/p>\n\n\n\n<p>El entrevistado pidi\u00f3 justicia para el chef Miguel \u00c1ngel Sulvar\u00e1n Xolo, quien fue asesinado a pu\u00f1adas en Xalapa en octubre de 2021 y el presunto homicida \u00d3scar Felipe \u201cN\u201d fue liberado de la c\u00e1rcel.<\/p>\n\n\n\n<p>Tambi\u00e9n exigi\u00f3 el esclarecimiento del crimen de Roberto, quien fue atacado a balazos el pasado 18 de mayo en el fraccionamiento Colinas de Santa Fe, en el puerto de Veracruz, y muri\u00f3 d\u00edas despu\u00e9s por la gravedad de las lesiones.<\/p>\n\n\n\n<p>\u201cEstamos exigiendo que a esas carpetas de investigaci\u00f3n les den continuidad, queremos justicia para Miguel \u00c1ngel Sulvar\u00e1n Xolo, tambi\u00e9n para nuestro compa\u00f1ero Roberto que ya cumpli\u00f3 m\u00e1s de un mes de que falleci\u00f3\u201d.<\/p>\n\n\n\n<p>Los inconformes solicitaron una audiencia con la titular de la Fiscal\u00eda General del Estado (FGE), Ver\u00f3nica Hern\u00e1ndez Giad\u00e1ns, para que se d\u00e9 seguimiento puntual a la investigaci\u00f3n por los cr\u00edmenes de odio que han ocurrido este a\u00f1o.<\/p>\n","protected":false},"excerpt":{"rendered":"<p>Juan Arcos Xalapa, Ver.- Integrantes de la comunidad diversa protestaron afuera de la Fiscal\u00eda General del Estado (FGE) y bloquearon la avenida Arco Sur, en la ciudad de Xalapa, para exigir justicia y que cesen los cr\u00edmenes de odio por homofobia. Los quejosos reclamaron a las autoridades avances en las investigaciones por los 15 casos [&hellip;]<\/p>\n","protected":false},"author":2476,"featured_media":43128,"comment_status":"open","ping_status":"open","sticky":false,"template":"","format":"standard","meta":{"_jetpack_memberships_contains_paid_content":false,"footnotes":""},"categories":[3],"tags":[],"class_list":["post-43127","post","type-post","status-publish","format-standard","has-post-thumbnail","hentry","category-xalapa"],"jetpack_featured_media_url":"https:\/\/encuentroinformativo.com.mx\/wp-content\/uploads\/2023\/07\/7bb59b69-0bd9-4758-ac41-f4bb6a119fca.jpg","jetpack_sharing_enabled":true,"jetpack_likes_enabled":true,"amp_enabled":true,"_links":{"self":[{"href":"https:\/\/encuentroinformativo.com.mx\/index.php?rest_route=\/wp\/v2\/posts\/43127","targetHints":{"allow":["GET"]}}],"collection":[{"href":"https:\/\/encuentroinformativo.com.mx\/index.php?rest_route=\/wp\/v2\/posts"}],"about":[{"href":"https:\/\/encuentroinformativo.com.mx\/index.php?rest_route=\/wp\/v2\/types\/post"}],"author":[{"embeddable":true,"href":"https:\/\/encuentroinformativo.com.mx\/index.php?rest_route=\/wp\/v2\/users\/2476"}],"replies":[{"embeddable":true,"href":"https:\/\/encuentroinformativo.com.mx\/index.php?rest_route=%2Fwp%2Fv2%2Fcomments&post=43127"}],"version-history":[{"count":1,"href":"https:\/\/encuentroinformativo.com.mx\/index.php?rest_route=\/wp\/v2\/posts\/43127\/revisions"}],"predecessor-version":[{"id":43129,"href":"https:\/\/encuentroinformativo.com.mx\/index.php?rest_route=\/wp\/v2\/posts\/43127\/revisions\/43129"}],"wp:featuredmedia":[{"embeddable":true,"href":"https:\/\/encuentroinformativo.com.mx\/index.php?rest_route=\/wp\/v2\/media\/43128"}],"wp:attachment":[{"href":"https:\/\/encuentroinformativo.com.mx\/index.php?rest_route=%2Fwp%2Fv2%2Fmedia&parent=43127"}],"wp:term":[{"taxonomy":"category","embeddable":true,"href":"https:\/\/encuentroinformativo.com.mx\/index.php?rest_route=%2Fwp%2Fv2%2Fcategories&post=43127"},{"taxonomy":"post_tag","embeddable":true,"href":"https:\/\/encuentroinformativo.com.mx\/index.php?rest_route=%2Fwp%2Fv2%2Ftags&post=43127"}],"curies":[{"name":"wp","href":"https:\/\/api.w.org\/{rel}","templated":true}]}}