{"id":43130,"date":"2023-07-25T13:41:11","date_gmt":"2023-07-25T19:41:11","guid":{"rendered":"https:\/\/encuentroinformativo.com.mx\/?p=43130"},"modified":"2023-07-25T13:42:11","modified_gmt":"2023-07-25T19:42:11","slug":"detras-de-incendios-de-vehiculos-en-tantoyuca-hay-tintes-politicos-cuitlahuac-garcia","status":"publish","type":"post","link":"https:\/\/encuentroinformativo.com.mx\/?p=43130","title":{"rendered":"Detr\u00e1s de incendios de veh\u00edculos en Tantoyuca, hay tintes pol\u00edticos: Cuitl\u00e1huac Garc\u00eda"},"content":{"rendered":"\n<p><strong>*<em>Lanza mensaje ante las falsedades para incitar a la violencia<\/em>.<\/strong><\/p>\n\n\n\n<p>Nautla, Ver.- Tras la sesi\u00f3n de la Coordinaci\u00f3n Estatal para la Construcci\u00f3n de la Paz, el gobernador Cuitl\u00e1huac Garc\u00eda Jim\u00e9nez reprob\u00f3 los actos delictivos cometidos por integrantes del Frente Nacional de Lucha por el Socialismo quienes supuestamente protestan por el homicidio en 2008 del hidalguense Gregorio de la Cruz sucedido en Chalma.<\/p>\n\n\n\n<p>Esta ma\u00f1ana, habitantes de Chicontepec llegaron a la localidad de San Sebasti\u00e1n y alentados por esta organizaci\u00f3n quemaron camiones particulares y del Ayuntamiento.<\/p>\n\n\n\n<p>Acompa\u00f1ado de la fiscal general, Ver\u00f3nica Hern\u00e1ndez Giad\u00e1ns y el secretario de Gobierno, Eric Cisneros Burgos, expuso que <em>\u201cno es cierto que la motivaci\u00f3n contra esta v\u00edctima de homicidio haya sido lo que dice esta organizaci\u00f3n.<\/em><\/p>\n\n\n\n<p>En sus redes sociales aclar\u00f3 que de acuerdo a las investigaciones previas _\u201clos indicios que se recogen es que sus propios acompa\u00f1antes tuvieron una pelea y que todos provienen de la misma comunidad de Hidalgo. Lo que sucede es que se fueron a tomar a una zona de este lado\u201d.<\/p>\n\n\n\n<p>\u201cLo que tenemos es este homicidio con otra motivaci\u00f3n muy diferente. Nuestro compromiso es que se va a dar con los responsables, ya nos comunicamos con el Gobernador, la Fiscal\u00eda y el Secretario de Gobierno de Hidalgo\u201d.<\/p>\n\n\n\n<p>\u201cEl homicidio de Gregorio de la Cruz no va a quedar impune y se va a aclarar la motivaci\u00f3n, que es muy importante\u201d.<\/p>\n\n\n\n<p>Manifest\u00f3 que el Estado ya est\u00e1 atendiendo la demanda y llam\u00f3 a la poblaci\u00f3n de la zona a no caer en las falsedades con las que se est\u00e1n incitando a la violencia, que si bien es un tema a resolverse con la aplicaci\u00f3n de justicia no debe haber cabida a da\u00f1ar el patrimonio privado.<\/p>\n","protected":false},"excerpt":{"rendered":"<p>*Lanza mensaje ante las falsedades para incitar a la violencia. Nautla, Ver.- Tras la sesi\u00f3n de la Coordinaci\u00f3n Estatal para la Construcci\u00f3n de la Paz, el gobernador Cuitl\u00e1huac Garc\u00eda Jim\u00e9nez reprob\u00f3 los actos delictivos cometidos por integrantes del Frente Nacional de Lucha por el Socialismo quienes supuestamente protestan por el homicidio en 2008 del hidalguense [&hellip;]<\/p>\n","protected":false},"author":2476,"featured_media":40187,"comment_status":"open","ping_status":"open","sticky":false,"template":"","format":"standard","meta":{"_jetpack_memberships_contains_paid_content":false,"footnotes":""},"categories":[2],"tags":[],"class_list":["post-43130","post","type-post","status-publish","format-standard","has-post-thumbnail","hentry","category-estado"],"jetpack_featured_media_url":"https:\/\/encuentroinformativo.com.mx\/wp-content\/uploads\/2023\/05\/IMG_2985.jpg","jetpack_sharing_enabled":true,"jetpack_likes_enabled":true,"amp_enabled":true,"_links":{"self":[{"href":"https:\/\/encuentroinformativo.com.mx\/index.php?rest_route=\/wp\/v2\/posts\/43130","targetHints":{"allow":["GET"]}}],"collection":[{"href":"https:\/\/encuentroinformativo.com.mx\/index.php?rest_route=\/wp\/v2\/posts"}],"about":[{"href":"https:\/\/encuentroinformativo.com.mx\/index.php?rest_route=\/wp\/v2\/types\/post"}],"author":[{"embeddable":true,"href":"https:\/\/encuentroinformativo.com.mx\/index.php?rest_route=\/wp\/v2\/users\/2476"}],"replies":[{"embeddable":true,"href":"https:\/\/encuentroinformativo.com.mx\/index.php?rest_route=%2Fwp%2Fv2%2Fcomments&post=43130"}],"version-history":[{"count":1,"href":"https:\/\/encuentroinformativo.com.mx\/index.php?rest_route=\/wp\/v2\/posts\/43130\/revisions"}],"predecessor-version":[{"id":43131,"href":"https:\/\/encuentroinformativo.com.mx\/index.php?rest_route=\/wp\/v2\/posts\/43130\/revisions\/43131"}],"wp:featuredmedia":[{"embeddable":true,"href":"https:\/\/encuentroinformativo.com.mx\/index.php?rest_route=\/wp\/v2\/media\/40187"}],"wp:attachment":[{"href":"https:\/\/encuentroinformativo.com.mx\/index.php?rest_route=%2Fwp%2Fv2%2Fmedia&parent=43130"}],"wp:term":[{"taxonomy":"category","embeddable":true,"href":"https:\/\/encuentroinformativo.com.mx\/index.php?rest_route=%2Fwp%2Fv2%2Fcategories&post=43130"},{"taxonomy":"post_tag","embeddable":true,"href":"https:\/\/encuentroinformativo.com.mx\/index.php?rest_route=%2Fwp%2Fv2%2Ftags&post=43130"}],"curies":[{"name":"wp","href":"https:\/\/api.w.org\/{rel}","templated":true}]}}