{"id":43132,"date":"2023-07-25T14:33:39","date_gmt":"2023-07-25T20:33:39","guid":{"rendered":"https:\/\/encuentroinformativo.com.mx\/?p=43132"},"modified":"2023-07-25T14:34:12","modified_gmt":"2023-07-25T20:34:12","slug":"ciudadanos-piden-replantear-proyecto-de-puente-sobre-lazaro-cardenas","status":"publish","type":"post","link":"https:\/\/encuentroinformativo.com.mx\/?p=43132","title":{"rendered":"Ciudadanos piden replantear proyecto de puente sobre L\u00e1zaro C\u00e1rdenas"},"content":{"rendered":"\n<p><strong>Juan Arcos <\/strong><\/p>\n\n\n\n<p>Xalapa, Ver.- Ciudadanos y ambientalistas exigieron un replanteamiento del proyecto para la construcci\u00f3n del Paso Superior Vehicular (PSV) sobre la avenida L\u00e1zaro C\u00e1rdenas y as\u00ed no se contemple el derribo de los \u00e1rboles en el camell\u00f3n.<\/p>\n\n\n\n<p>De acuerdo con el abogado Ricardo Alarc\u00f3n, se busca una obra sustentable, que sea \u201camigable\u201d con el medio ambiente, en beneficio de la poblaci\u00f3n xalape\u00f1a.<\/p>\n\n\n\n<p>El representante legal afirm\u00f3 que si el gobierno estatal presenta una propuesta con dichas caracter\u00edsticas podr\u00edan levantar el campamento del camell\u00f3n.<\/p>\n\n\n\n<p>Los quejosos promovieron amparos y lograron la suspensi\u00f3n provisional de la obra,luego de la tala de 49 de \u00e1rboles que se encontraban en el camell\u00f3n, a la altura de la colonia Rafael Lucio, durante la noche del pasado lunes 17 de julio.<\/p>\n\n\n\n<p>Hasta el momento, las ciudadanas y ciudadanos han recabado m\u00e1s de 16 mil 255 firmas de pobladores que se oponen al derribo de los \u00e1rboles en la zona.<\/p>\n\n\n\n<p>Los manifestantes indicaron que han sido v\u00edctimas de intimidaci\u00f3n por parte de polic\u00edas y personas vestidas de civil, quienes acuden al campamento para tomarles fotograf\u00edas.<\/p>\n\n\n\n<p>Las personas contestaron a los se\u00f1alamientos por parte de las autoridades estatales, mismas que sostienen que la mayor\u00eda de la gente ser\u00eda beneficiada con la construcci\u00f3n del puente, mediante una inversi\u00f3n de 129 millones de pesos para la obra.<\/p>\n\n\n\n<p>En ese sentido, afirmaron que la lucha social que han emprendido en defensa del medio ambiente ha sido en beneficio de la poblaci\u00f3n en general y, sobre todo, de las nuevas generaciones.<\/p>\n\n\n\n<p>Reiteraron que la protesta no tiene tintes pol\u00edticos y que la gente se ha endeudado y dejado de trabajar para permanecer en el campamento.<\/p>\n\n\n\n<p>Tambi\u00e9n comentaron que la noche del lunes 17 de julio fueron talados 49 \u00e1rboles y que en este momento protegen otros seis para que no sean derribados.<\/p>\n","protected":false},"excerpt":{"rendered":"<p>Juan Arcos Xalapa, Ver.- Ciudadanos y ambientalistas exigieron un replanteamiento del proyecto para la construcci\u00f3n del Paso Superior Vehicular (PSV) sobre la avenida L\u00e1zaro C\u00e1rdenas y as\u00ed no se contemple el derribo de los \u00e1rboles en el camell\u00f3n. De acuerdo con el abogado Ricardo Alarc\u00f3n, se busca una obra sustentable, que sea \u201camigable\u201d con el [&hellip;]<\/p>\n","protected":false},"author":2476,"featured_media":43133,"comment_status":"open","ping_status":"open","sticky":false,"template":"","format":"standard","meta":{"_jetpack_memberships_contains_paid_content":false,"footnotes":""},"categories":[3],"tags":[],"class_list":["post-43132","post","type-post","status-publish","format-standard","has-post-thumbnail","hentry","category-xalapa"],"jetpack_featured_media_url":"https:\/\/encuentroinformativo.com.mx\/wp-content\/uploads\/2023\/07\/IMG_0191.jpg","jetpack_sharing_enabled":true,"jetpack_likes_enabled":true,"amp_enabled":true,"_links":{"self":[{"href":"https:\/\/encuentroinformativo.com.mx\/index.php?rest_route=\/wp\/v2\/posts\/43132","targetHints":{"allow":["GET"]}}],"collection":[{"href":"https:\/\/encuentroinformativo.com.mx\/index.php?rest_route=\/wp\/v2\/posts"}],"about":[{"href":"https:\/\/encuentroinformativo.com.mx\/index.php?rest_route=\/wp\/v2\/types\/post"}],"author":[{"embeddable":true,"href":"https:\/\/encuentroinformativo.com.mx\/index.php?rest_route=\/wp\/v2\/users\/2476"}],"replies":[{"embeddable":true,"href":"https:\/\/encuentroinformativo.com.mx\/index.php?rest_route=%2Fwp%2Fv2%2Fcomments&post=43132"}],"version-history":[{"count":1,"href":"https:\/\/encuentroinformativo.com.mx\/index.php?rest_route=\/wp\/v2\/posts\/43132\/revisions"}],"predecessor-version":[{"id":43134,"href":"https:\/\/encuentroinformativo.com.mx\/index.php?rest_route=\/wp\/v2\/posts\/43132\/revisions\/43134"}],"wp:featuredmedia":[{"embeddable":true,"href":"https:\/\/encuentroinformativo.com.mx\/index.php?rest_route=\/wp\/v2\/media\/43133"}],"wp:attachment":[{"href":"https:\/\/encuentroinformativo.com.mx\/index.php?rest_route=%2Fwp%2Fv2%2Fmedia&parent=43132"}],"wp:term":[{"taxonomy":"category","embeddable":true,"href":"https:\/\/encuentroinformativo.com.mx\/index.php?rest_route=%2Fwp%2Fv2%2Fcategories&post=43132"},{"taxonomy":"post_tag","embeddable":true,"href":"https:\/\/encuentroinformativo.com.mx\/index.php?rest_route=%2Fwp%2Fv2%2Ftags&post=43132"}],"curies":[{"name":"wp","href":"https:\/\/api.w.org\/{rel}","templated":true}]}}