{"id":43138,"date":"2023-07-25T23:35:21","date_gmt":"2023-07-26T05:35:21","guid":{"rendered":"https:\/\/encuentroinformativo.com.mx\/?p=43138"},"modified":"2023-07-25T23:36:04","modified_gmt":"2023-07-26T05:36:04","slug":"beneficiaran-a-familias-de-alvarado-con-patrimonio-seguro","status":"publish","type":"post","link":"https:\/\/encuentroinformativo.com.mx\/?p=43138","title":{"rendered":"Beneficiar\u00e1n a familias de Alvarado con &#8216;Patrimonio Seguro&#8217;"},"content":{"rendered":"\n<p><strong>Alejandro \u00c1vila<\/strong><\/p>\n\n\n\n<p>Alvarado, Ver.- M\u00e1s de 500 familias de Alvarado podr\u00e1n obtener a partir de este martes seguridad en su patrimonio a trav\u00e9s de un programa escrituraci\u00f3n.<\/p>\n\n\n\n<p>La alcaldesa, Lizzette Alvarez Vera, logr\u00f3 una firma de convenio de colaboraci\u00f3n con Jos\u00e9 Daniel Magallanes Galaviz, representante de INSUS; mismos que dar\u00e1n certeza jur\u00eddica, en una primera etapa, a beneficiarios de cinco colonias.<\/p>\n\n\n\n<p>En el evento llevado a cabo la tarde de este martes en la Unidad Deportiva &#8220;El Terrapl\u00e9n&#8221;, asitieron familias de las colonias La Fuente, Valente Cruz, 21 de abril, Aneas y Pantanal, las cuales se inscribieron en este programa que les dar\u00e1 el tr\u00e1mite gratuito de las escrituras de sus bienes inmuebles.<\/p>\n\n\n\n<p>En el evento estuvieron presentes los regidores, Pedro Gamboa Rosas, Karina Lira Hern\u00e1ndez, Olivia Herrera Carmona; Jos\u00e9 Hiram Jim\u00e9nez Hern\u00e1ndez, Jur\u00eddico de Fundo Legal, Luis H\u00e9ctor S\u00e1enz Alvarado, Jefe Operativo Regional del INSUS, Jos\u00e9 Francisco Vergara Zavaleta, Jefe del \u00c1rea T\u00e9cnica de INSUS, H\u00e9ctor Esquivel Cort\u00e9s, Coordinador Operativo en Representaciones Regionales, Director de Desarrollo Urbano, Jacobo V\u00e1squez Castro, y el Coordinador del Programa de Escrituraci\u00f3n Patrimonio Seguro, Jorge Cobos Ruiz.<\/p>\n","protected":false},"excerpt":{"rendered":"<p>Alejandro \u00c1vila Alvarado, Ver.- M\u00e1s de 500 familias de Alvarado podr\u00e1n obtener a partir de este martes seguridad en su patrimonio a trav\u00e9s de un programa escrituraci\u00f3n. La alcaldesa, Lizzette Alvarez Vera, logr\u00f3 una firma de convenio de colaboraci\u00f3n con Jos\u00e9 Daniel Magallanes Galaviz, representante de INSUS; mismos que dar\u00e1n certeza jur\u00eddica, en una primera [&hellip;]<\/p>\n","protected":false},"author":2476,"featured_media":43139,"comment_status":"open","ping_status":"open","sticky":false,"template":"","format":"standard","meta":{"_jetpack_memberships_contains_paid_content":false,"footnotes":""},"categories":[2],"tags":[],"class_list":["post-43138","post","type-post","status-publish","format-standard","has-post-thumbnail","hentry","category-estado"],"jetpack_featured_media_url":"https:\/\/encuentroinformativo.com.mx\/wp-content\/uploads\/2023\/07\/IMG-20230725-WA00872.jpg","jetpack_sharing_enabled":true,"jetpack_likes_enabled":true,"amp_enabled":true,"_links":{"self":[{"href":"https:\/\/encuentroinformativo.com.mx\/index.php?rest_route=\/wp\/v2\/posts\/43138","targetHints":{"allow":["GET"]}}],"collection":[{"href":"https:\/\/encuentroinformativo.com.mx\/index.php?rest_route=\/wp\/v2\/posts"}],"about":[{"href":"https:\/\/encuentroinformativo.com.mx\/index.php?rest_route=\/wp\/v2\/types\/post"}],"author":[{"embeddable":true,"href":"https:\/\/encuentroinformativo.com.mx\/index.php?rest_route=\/wp\/v2\/users\/2476"}],"replies":[{"embeddable":true,"href":"https:\/\/encuentroinformativo.com.mx\/index.php?rest_route=%2Fwp%2Fv2%2Fcomments&post=43138"}],"version-history":[{"count":1,"href":"https:\/\/encuentroinformativo.com.mx\/index.php?rest_route=\/wp\/v2\/posts\/43138\/revisions"}],"predecessor-version":[{"id":43140,"href":"https:\/\/encuentroinformativo.com.mx\/index.php?rest_route=\/wp\/v2\/posts\/43138\/revisions\/43140"}],"wp:featuredmedia":[{"embeddable":true,"href":"https:\/\/encuentroinformativo.com.mx\/index.php?rest_route=\/wp\/v2\/media\/43139"}],"wp:attachment":[{"href":"https:\/\/encuentroinformativo.com.mx\/index.php?rest_route=%2Fwp%2Fv2%2Fmedia&parent=43138"}],"wp:term":[{"taxonomy":"category","embeddable":true,"href":"https:\/\/encuentroinformativo.com.mx\/index.php?rest_route=%2Fwp%2Fv2%2Fcategories&post=43138"},{"taxonomy":"post_tag","embeddable":true,"href":"https:\/\/encuentroinformativo.com.mx\/index.php?rest_route=%2Fwp%2Fv2%2Ftags&post=43138"}],"curies":[{"name":"wp","href":"https:\/\/api.w.org\/{rel}","templated":true}]}}