{"id":43142,"date":"2023-07-25T23:42:24","date_gmt":"2023-07-26T05:42:24","guid":{"rendered":"https:\/\/encuentroinformativo.com.mx\/?p=43142"},"modified":"2023-07-25T23:43:04","modified_gmt":"2023-07-26T05:43:04","slug":"vecinos-rechazan-ductos-de-gasera-en-zona-conurbada","status":"publish","type":"post","link":"https:\/\/encuentroinformativo.com.mx\/?p=43142","title":{"rendered":"Vecinos rechazan ductos de gasera en zona conurbada"},"content":{"rendered":"\n<p><strong>Alejandro \u00c1vila<\/strong><\/p>\n\n\n\n<p>Boca del R\u00edo, Ver.- Eduardo Flores Romero, presidente de la Uni\u00f3n C\u00edvica Comunitaria Her\u00f3n Proal, ofreci\u00f3 rueda de prensa donde inform\u00f3 que m\u00e1s del 80 por ciento de los vecinos del fraccionamiento Virginia, rechazan los ductos que la empresa Gas Natural del Noreste pretende colocar sobre la avenida Juan Pablo II, pues los consideran un riesgo.<\/p>\n\n\n\n<p>Los afectados dijeron que, aprovechando que se asfaltar\u00e1 dicha arteria por parte del municipio, la empresa pretende introducir tubos de hasta seis pulgadas, mismos que posteriormente se usar\u00e1n para distribuir el material peligroso.<\/p>\n\n\n\n<p>En un estudio, alertaron que la empresa pondr\u00eda en riesgo a vecinos no solo de la avenida Juan Pablo II, sino una decena de calles m\u00e1s como: Sahag\u00fan, Alaminos, Chalchihuecan, Olmedo, Crist\u00f3bal de Olid; Almagro, Pinz\u00f3n, Ant\u00f3n Lizardo, Carabelas; Conquistadores, Bernal D\u00edaz del Castillo, Delfino Valenzuela, Espa\u00f1a, Fernando Siliceo, Diego de Ordaz, Navegantes, Porto Carrero; Alvarado, Vasco de Gama, Am\u00e9rico Vespucio, Zum\u00e1rraga, Antonio de Mendoza, 20 de noviembre, Vasco N\u00fa\u00f1ez de Balboa, Francisco Pizarro, Paseo Jard\u00edn y Gonzalo Sandoval.<\/p>\n\n\n\n<p>Del total de los habitantes de la zona, un 81.3 por ciento han escuchado hablar del gas natural mismo que contiene gas metano, peligroso para la salud humana.<\/p>\n\n\n\n<p>Tambi\u00e9n entre el temor de la poblaci\u00f3n est\u00e1 el riesgo a la infraestructura actual, ya que un 56.7 por ciento considera que podr\u00eda afectar al agua potable.<\/p>\n\n\n\n<p>Un 73.9 por ciento de los encuestados temen por las explosiones del gas, tal y como ha ocurrido en otras zonas del pa\u00eds; mientras que un 60.1 por ciento teme a las quemaduras de segundo y tercer grado que causa el material.&nbsp;<\/p>\n\n\n\n<p>Hasta ahora los vecinos del fraccionamiento Virginia, Nueva Era y Revoluci\u00f3n coinciden en no permitir el ingreso de los ductos cerca de sus viviendas y negocios esto, por el peligro que representa.<\/p>\n\n\n\n<p>Los afectados, dijeron no les han informado del alcance de dicho proyecto; tampoco se sabe si ya cuentan con estudios de factibilidad de suelo o el mapa de riesgo de la zona. Lo anterior, debido a que dicha avenida es de las m\u00e1s transitadas, hay escuelas cerca y una alta densidad poblacional.<\/p>\n","protected":false},"excerpt":{"rendered":"<p>Alejandro \u00c1vila Boca del R\u00edo, Ver.- Eduardo Flores Romero, presidente de la Uni\u00f3n C\u00edvica Comunitaria Her\u00f3n Proal, ofreci\u00f3 rueda de prensa donde inform\u00f3 que m\u00e1s del 80 por ciento de los vecinos del fraccionamiento Virginia, rechazan los ductos que la empresa Gas Natural del Noreste pretende colocar sobre la avenida Juan Pablo II, pues los [&hellip;]<\/p>\n","protected":false},"author":2476,"featured_media":43143,"comment_status":"open","ping_status":"open","sticky":false,"template":"","format":"standard","meta":{"_jetpack_memberships_contains_paid_content":false,"footnotes":""},"categories":[2],"tags":[],"class_list":["post-43142","post","type-post","status-publish","format-standard","has-post-thumbnail","hentry","category-estado"],"jetpack_featured_media_url":"https:\/\/encuentroinformativo.com.mx\/wp-content\/uploads\/2023\/07\/IMG-20230725-WA00152.jpg","jetpack_sharing_enabled":true,"jetpack_likes_enabled":true,"amp_enabled":true,"_links":{"self":[{"href":"https:\/\/encuentroinformativo.com.mx\/index.php?rest_route=\/wp\/v2\/posts\/43142","targetHints":{"allow":["GET"]}}],"collection":[{"href":"https:\/\/encuentroinformativo.com.mx\/index.php?rest_route=\/wp\/v2\/posts"}],"about":[{"href":"https:\/\/encuentroinformativo.com.mx\/index.php?rest_route=\/wp\/v2\/types\/post"}],"author":[{"embeddable":true,"href":"https:\/\/encuentroinformativo.com.mx\/index.php?rest_route=\/wp\/v2\/users\/2476"}],"replies":[{"embeddable":true,"href":"https:\/\/encuentroinformativo.com.mx\/index.php?rest_route=%2Fwp%2Fv2%2Fcomments&post=43142"}],"version-history":[{"count":1,"href":"https:\/\/encuentroinformativo.com.mx\/index.php?rest_route=\/wp\/v2\/posts\/43142\/revisions"}],"predecessor-version":[{"id":43144,"href":"https:\/\/encuentroinformativo.com.mx\/index.php?rest_route=\/wp\/v2\/posts\/43142\/revisions\/43144"}],"wp:featuredmedia":[{"embeddable":true,"href":"https:\/\/encuentroinformativo.com.mx\/index.php?rest_route=\/wp\/v2\/media\/43143"}],"wp:attachment":[{"href":"https:\/\/encuentroinformativo.com.mx\/index.php?rest_route=%2Fwp%2Fv2%2Fmedia&parent=43142"}],"wp:term":[{"taxonomy":"category","embeddable":true,"href":"https:\/\/encuentroinformativo.com.mx\/index.php?rest_route=%2Fwp%2Fv2%2Fcategories&post=43142"},{"taxonomy":"post_tag","embeddable":true,"href":"https:\/\/encuentroinformativo.com.mx\/index.php?rest_route=%2Fwp%2Fv2%2Ftags&post=43142"}],"curies":[{"name":"wp","href":"https:\/\/api.w.org\/{rel}","templated":true}]}}