{"id":4315,"date":"2020-07-22T14:26:21","date_gmt":"2020-07-22T19:26:21","guid":{"rendered":"https:\/\/encuentroinformativo.com\/?p=4315"},"modified":"2020-07-22T14:26:41","modified_gmt":"2020-07-22T19:26:41","slug":"implementaran-modalidad-mixta-para-clases-en-la-uv","status":"publish","type":"post","link":"https:\/\/encuentroinformativo.com.mx\/?p=4315","title":{"rendered":"Implementar\u00e1n modalidad mixta para clases en la UV"},"content":{"rendered":"\n<p><strong>Juan Arcos <\/strong><\/p>\n\n\n\n<p>Xalapa, Ver.- La rectora de la Universidad Veracruzana (UV), Sara Ladr\u00f3n de Guevara Gonz\u00e1lez, confirm\u00f3 que ser\u00e1 implementada la modalidad mixta que permitir\u00e1 transitar a una nueva normalidad acad\u00e9mica de forma responsable y gradual.<\/p>\n\n\n\n<p>En las Disposiciones Generales para el Trabajo Acad\u00e9mico durante el periodo escolar septiembre 2020-octubre 2021, se detalla que la modalidad mixta es una forma de trabajo pedag\u00f3gico que se caracteriza por el desarrollo de una experiencia educativa con interacci\u00f3n combinada, generalmente de tipo presencial y no presencial sobre una base de interacci\u00f3n arm\u00f3nica entre acad\u00e9micos y alumnos.<\/p>\n\n\n\n<p>Dada la situaci\u00f3n actual y con la premisa de salvaguardar la salud e integridad de la comunidad acad\u00e9mica, se considerar\u00e1 la armonizaci\u00f3n de la virtualidad y otras estrategias alternativas de interacci\u00f3n que promuevan una comunicaci\u00f3n efectiva, emp\u00e1tica y equitativa, entre los miembros de la comunidad universitaria.<\/p>\n\n\n\n<p>La armonizaci\u00f3n del proceso de ense\u00f1anza y aprendizaje presencial con la tecnolog\u00eda est\u00e1 orientada para el logro de la organizaci\u00f3n planeada de encuentros acad\u00e9micos virtuales (sincr\u00f3nicos y\/o asincr\u00f3nicos), o en los espacios f\u00edsicos universitarios para la entrega de actividades, orientaci\u00f3n y asesor\u00edas, propiciando as\u00ed un ambiente de aprendizaje guiado, pero aut\u00f3nomo a la vez.<\/p>\n\n\n\n<p>Para fortalecer la educaci\u00f3n inclusiva y equitativa de calidad se cuenta con la participaci\u00f3n comprometida del personal acad\u00e9mico, confianza, administrativo, t\u00e9cnico y manual, mediante la interacci\u00f3n responsable a trav\u00e9s de la armonizaci\u00f3n de los programas de las experiencias educativas, la metodolog\u00eda de trabajo y el desarrollo de los cursos, contando con diversas herramientas de apoyo disponibles en el portal\u00a0<a rel=\"noreferrer noopener\" href=\"http:\/\/www.uv.mx\/modalidadmixta\" target=\"_blank\">www.uv.mx\/modalidadmixta<\/a>.<\/p>\n\n\n\n<p>Institucionalmente, la UV cuenta con Eminus, plataforma de educaci\u00f3n distribuida que permite el desarrollo de entornos virtuales y el empleo de herramientas para el desarrollo y organizaci\u00f3n de experiencias educativas donde se aplican e integran diferentes estrategias de ense\u00f1anza y aprendizaje, comunicaci\u00f3n y colaboraci\u00f3n en beneficio de la formaci\u00f3n integral de los alumnos.En el documento sobre las estrategias que ser\u00e1n aplicadas, se detalla que las direcciones de las entidades acad\u00e9micas en coordinaci\u00f3n con las Direcciones Generales de las \u00c1reas Acad\u00e9micas y Vicerrector\u00edas ser\u00e1n las encargadas de la planeaci\u00f3n, organizaci\u00f3n, seguimiento de la operaci\u00f3n y evaluaci\u00f3n de la modalidad mixta.<\/p>\n\n\n\n<p>Lo anterior implica conocer a fondo la situaci\u00f3n de su comunidad universitaria en relaci\u00f3n con las condiciones de conectividad y disposici\u00f3n de equipo, as\u00ed como tambi\u00e9n, desarrollar una planeaci\u00f3n operativa de las actividades escolares en la que se establezca la rotaci\u00f3n de la din\u00e1mica de trabajo, para disminuir los flujos sociales en la entidad acad\u00e9mica a partir de estrategias de escalonamiento y alternancia de la asistencia.\u00a0<\/p>\n\n\n\n<p>Se trata de cuatro posibles tipos de rotaci\u00f3n son:<br>I. Rotaci\u00f3n te\u00f3rica-pr\u00e1ctica. Atender las actividades te\u00f3ricas en modalidades flexibles como la virtualidad, la educaci\u00f3n abierta y a distancia; y los temas pr\u00e1cticos (laboratorios, talleres, cl\u00ednicas) de manera presencial.<br>II. Rotaci\u00f3n de asistencia. Dividir los grupos en secciones y calendarizar su asistencia para garantizar una densidad adecuada en los espacios de docencia como aulas, laboratorios o sitios para desempe\u00f1ar alguna tarea de aprendizaje.<br>III. Rotaci\u00f3n de espacios. Utilizar alternadamente los espacios f\u00edsicos asignados a las experiencias educativas que se impartan con un componente virtual.<br>IV. Rotaci\u00f3n de modalidades. Dividir al grupo en secciones y establecer una interacci\u00f3n diferenciada que al cabo de un tiempo sea invertida.Esto es parte del programa que aplicar\u00e1 la m\u00e1xima casa de estudios del estado para el ciclo escolar 2020-2021.<\/p>\n\n\n\n<p><\/p>\n","protected":false},"excerpt":{"rendered":"<p>Juan Arcos Xalapa, Ver.- La rectora de la Universidad Veracruzana (UV), Sara Ladr\u00f3n de Guevara Gonz\u00e1lez, confirm\u00f3 que ser\u00e1 implementada la modalidad mixta que permitir\u00e1 transitar a una nueva normalidad acad\u00e9mica de forma responsable y gradual. En las Disposiciones Generales para el Trabajo Acad\u00e9mico durante el periodo escolar septiembre 2020-octubre 2021, se detalla que la [&hellip;]<\/p>\n","protected":false},"author":1,"featured_media":4316,"comment_status":"open","ping_status":"open","sticky":false,"template":"","format":"standard","meta":{"_jetpack_memberships_contains_paid_content":false,"footnotes":""},"categories":[2],"tags":[],"class_list":["post-4315","post","type-post","status-publish","format-standard","has-post-thumbnail","hentry","category-estado"],"jetpack_featured_media_url":"https:\/\/encuentroinformativo.com.mx\/wp-content\/uploads\/2020\/07\/CA6929CF-2DFF-4437-B256-BE12BFFA8540.jpeg","jetpack_sharing_enabled":true,"jetpack_likes_enabled":true,"amp_enabled":true,"_links":{"self":[{"href":"https:\/\/encuentroinformativo.com.mx\/index.php?rest_route=\/wp\/v2\/posts\/4315","targetHints":{"allow":["GET"]}}],"collection":[{"href":"https:\/\/encuentroinformativo.com.mx\/index.php?rest_route=\/wp\/v2\/posts"}],"about":[{"href":"https:\/\/encuentroinformativo.com.mx\/index.php?rest_route=\/wp\/v2\/types\/post"}],"author":[{"embeddable":true,"href":"https:\/\/encuentroinformativo.com.mx\/index.php?rest_route=\/wp\/v2\/users\/1"}],"replies":[{"embeddable":true,"href":"https:\/\/encuentroinformativo.com.mx\/index.php?rest_route=%2Fwp%2Fv2%2Fcomments&post=4315"}],"version-history":[{"count":1,"href":"https:\/\/encuentroinformativo.com.mx\/index.php?rest_route=\/wp\/v2\/posts\/4315\/revisions"}],"predecessor-version":[{"id":4317,"href":"https:\/\/encuentroinformativo.com.mx\/index.php?rest_route=\/wp\/v2\/posts\/4315\/revisions\/4317"}],"wp:featuredmedia":[{"embeddable":true,"href":"https:\/\/encuentroinformativo.com.mx\/index.php?rest_route=\/wp\/v2\/media\/4316"}],"wp:attachment":[{"href":"https:\/\/encuentroinformativo.com.mx\/index.php?rest_route=%2Fwp%2Fv2%2Fmedia&parent=4315"}],"wp:term":[{"taxonomy":"category","embeddable":true,"href":"https:\/\/encuentroinformativo.com.mx\/index.php?rest_route=%2Fwp%2Fv2%2Fcategories&post=4315"},{"taxonomy":"post_tag","embeddable":true,"href":"https:\/\/encuentroinformativo.com.mx\/index.php?rest_route=%2Fwp%2Fv2%2Ftags&post=4315"}],"curies":[{"name":"wp","href":"https:\/\/api.w.org\/{rel}","templated":true}]}}