{"id":43150,"date":"2023-07-26T13:23:14","date_gmt":"2023-07-26T19:23:14","guid":{"rendered":"https:\/\/encuentroinformativo.com.mx\/?p=43150"},"modified":"2023-07-26T13:23:44","modified_gmt":"2023-07-26T19:23:44","slug":"alicia-fue-asesinada-por-solicitar-el-divorcio","status":"publish","type":"post","link":"https:\/\/encuentroinformativo.com.mx\/?p=43150","title":{"rendered":"Alicia, fue asesinada por solicitar el divorcio"},"content":{"rendered":"\n<p><strong>Dar\u00edo Pale <\/strong><\/p>\n\n\n\n<p>Xalapa, Ver.- La se\u00f1or Sof\u00eda Rodr\u00edguez madre de Alicia quien fue asesinada por su esposo de nombre Juli\u00e1n el pasado lunes en la colonia Benito Ju\u00e1rez perteneciente a la sierra del municipio de Soteapan al sur de Veracruz solo fue porque, &#8220;ella le pidi\u00f3 el divorcio, \u00e9l no quer\u00eda, y por eso \u00e9l la mat\u00f3\u201d.<\/p>\n\n\n\n<p>La madre de la v\u00edctima dio a conocer que \u201cella le pidi\u00f3 el divorcio, \u00e9l no quer\u00eda, y por eso \u00e9l la mat\u00f3\u201d, Juli\u00e1n se cas\u00f3 con Alicia, cuando ella ten\u00eda 14 a\u00f1os, nada extra\u00f1o entre las familias ind\u00edgenas en la zona de la sierra, de esa relaci\u00f3n tuvieron tres hijos.<\/p>\n\n\n\n<p>Los habitantes del pueblo de Ocozotepec eran testigos del maltrato f\u00edsico y psicol\u00f3gico que vivi\u00f3 Alicia por m\u00e1s de 23 a\u00f1os al lado de Juli\u00e1n, a pesar de que la \u00a0v\u00edctima intent\u00f3 en varias ocasiones dejarlo, \u00e9l la amenazaba \u201csi te vas te matar\u00e9\u201d. \u201cElla no quiso denunciar, dec\u00eda que si se lo llevaban preso sus hijos la iban a odiar\u201d.<\/p>\n\n\n\n<p>Los hijos de Alicia ahora tienen 21, 17 y 12 a\u00f1os, la m\u00e1s peque\u00f1a acaba de salir de la primaria y estuvo con ella en su graduaci\u00f3n, pero fue hasta hace un mes que hab\u00eda \u00a0logrado salir de ese c\u00edrculo de violencia familiar, en junio tras una discusi\u00f3n \u00e9l la corri\u00f3 de la casa.\u00a0<\/p>\n\n\n\n<p>&#8220;Ahorita mi hija se va a llevar la misma ropa que tra\u00eda puesta cuando la mataron, porque ese d\u00eda que la corri\u00f3 Juli\u00e1n no dejo que sacara nada de la casa, ni una mudada de ropa\u201d, se\u00f1al\u00f3.<\/p>\n\n\n\n<p>A pesar de que si hija alicia busco apoyo psic\u00f3logo, para poder salir de una relaci\u00f3n de violencia, pero le pesaba haber dejado en aquella casa a su hija de 12 a\u00f1os, tem\u00eda por la vida de su hija y la de ella, as\u00ed que trat\u00f3 de darle una \u00faltima oportunidad a su agresor que adem\u00e1s no le permit\u00eda frecuentar a sus hijos.<\/p>\n\n\n\n<p>Ese lunes a las 14:00 horas Alicia y Juli\u00e1n acudieron al psic\u00f3logo para terapia de pareja, esta era la primera cita y la \u00faltima oportunidad que ella le daba y si realmente ve\u00eda un cambio regresar\u00eda de nuevo con \u00e9l.\u00a0<\/p>\n\n\n\n<p>La terapia termin\u00f3 a las 15:00 horas Juli\u00e1n sali\u00f3 ofendido de la terapia \u201cyo no estoy loco\u201d. Alicia \u00a0se qued\u00f3 m\u00e1s tiempo, pidi\u00f3 un servicio de moto taxi, pues deber\u00eda llegar a atender un peque\u00f1o negocio que le hab\u00eda puesto su hermano para que se apoyara para la comida.\u00a0<\/p>\n\n\n\n<p>Y a las 17:00 horas cuando Alicia se subi\u00f3 a un moto taxi, Juli\u00e1n la esperaba en el camino con un arma, &#8220;Juli\u00e1n atraves\u00f3 la camioneta para parar el moto taxi, jalo del brazo a Alicia e intent\u00f3 llev\u00e1rsela a la fuerza, ella puso resistencia, \u00bfeso es lo que quieres?, que te mate, y le dispar\u00f3 directo al coraz\u00f3n, cumpli\u00f3 su amenaza\u2026.la mat\u00f3\u201d, Juli\u00e1n cumpli\u00f3 las amenazas qu\u00e9 constantemente le hac\u00eda a Alicia, te matare si no regresas\u201d, coment\u00f3.<\/p>\n\n\n\n<p>Dio a conocer que, \u201cella nunca crey\u00f3 que la matar\u00eda\u201d, dijo que Juli\u00e1n ten\u00eda un gusto por las armas, las limpiaba y constantemente practica disparos.<\/p>\n\n\n\n<p>Alicia destac\u00f3 en la administraci\u00f3n de Deisi Sagrero (2018-2021) como traductora de Popoluca a Espa\u00f1ol, en la direcci\u00f3n del Instituto Municipal de la Mujer, durante ese per\u00edodo la gente cuenta que ella defend\u00eda a las mujeres, les invitaba que salieran de una vida de violencia.\u00a0<\/p>\n\n\n\n<p>Desde temprano, las mujeres popolucas se han reunido en espera del f\u00e9retro, mientras preparan las tortillas a mano, cocinan pollo con arroz en un fog\u00f3n improvisado que han puesto en medio de la calle.\u00a0<\/p>\n\n\n\n<p>El f\u00e9retro arrib\u00f3 alrededor de las 22:00 horas al domicilio de Sof\u00eda en el centro de Soteapan, esa noche la velaron a Alicia y hoy ser\u00e1 sepultada en el pante\u00f3n municipal.<\/p>\n\n\n\n<p>Cabe se\u00f1alar que en Veracruz, la violencia contra las mujeres sigue, este martes al norte del estado, Zayma Zoraya Zamora Garc\u00eda, activista de redes sociales, empresaria y operadora de la estructura de Ad\u00e1n Augusto L\u00f3pez en el norte de Veracruz, y coordinadora del proyecto de Sergio Guti\u00e9rrez Luna, \u00a0fue asesinada en Poza Rica. Era conocida como \u00a0&#8220;Leydi Pesta\u00f1as&#8221;, ocurre a unas horas del asesinato de otro activista en Tantoyuca.<\/p>\n\n\n\n<p>De acuerdo con el informe sobre violencia contra las mujeres publicado por el Secretariado Ejecutivo del Sistema Nacional de Seguridad P\u00fablica (SESNSP), 23 veracruzanas han sido v\u00edctimas del delito de feminicidio y 24 de homicidio doloso en los primeros cuatro meses de 2023.<\/p>\n\n\n\n<p>Finalmente en M\u00e9xico, se suman los homicidios dolosos y el feminicidio, en el primer trimestre de 2023 suman 901 v\u00edctimas, 3 por ciento m\u00e1s que las 870 reportadas para los mismos meses del 2022.<\/p>\n","protected":false},"excerpt":{"rendered":"<p>Dar\u00edo Pale Xalapa, Ver.- La se\u00f1or Sof\u00eda Rodr\u00edguez madre de Alicia quien fue asesinada por su esposo de nombre Juli\u00e1n el pasado lunes en la colonia Benito Ju\u00e1rez perteneciente a la sierra del municipio de Soteapan al sur de Veracruz solo fue porque, &#8220;ella le pidi\u00f3 el divorcio, \u00e9l no quer\u00eda, y por eso \u00e9l [&hellip;]<\/p>\n","protected":false},"author":2476,"featured_media":43151,"comment_status":"open","ping_status":"open","sticky":false,"template":"","format":"standard","meta":{"_jetpack_memberships_contains_paid_content":false,"footnotes":""},"categories":[2],"tags":[],"class_list":["post-43150","post","type-post","status-publish","format-standard","has-post-thumbnail","hentry","category-estado"],"jetpack_featured_media_url":"https:\/\/encuentroinformativo.com.mx\/wp-content\/uploads\/2023\/07\/IMG-20230726-WA0024.jpg","jetpack_sharing_enabled":true,"jetpack_likes_enabled":true,"amp_enabled":true,"_links":{"self":[{"href":"https:\/\/encuentroinformativo.com.mx\/index.php?rest_route=\/wp\/v2\/posts\/43150","targetHints":{"allow":["GET"]}}],"collection":[{"href":"https:\/\/encuentroinformativo.com.mx\/index.php?rest_route=\/wp\/v2\/posts"}],"about":[{"href":"https:\/\/encuentroinformativo.com.mx\/index.php?rest_route=\/wp\/v2\/types\/post"}],"author":[{"embeddable":true,"href":"https:\/\/encuentroinformativo.com.mx\/index.php?rest_route=\/wp\/v2\/users\/2476"}],"replies":[{"embeddable":true,"href":"https:\/\/encuentroinformativo.com.mx\/index.php?rest_route=%2Fwp%2Fv2%2Fcomments&post=43150"}],"version-history":[{"count":1,"href":"https:\/\/encuentroinformativo.com.mx\/index.php?rest_route=\/wp\/v2\/posts\/43150\/revisions"}],"predecessor-version":[{"id":43152,"href":"https:\/\/encuentroinformativo.com.mx\/index.php?rest_route=\/wp\/v2\/posts\/43150\/revisions\/43152"}],"wp:featuredmedia":[{"embeddable":true,"href":"https:\/\/encuentroinformativo.com.mx\/index.php?rest_route=\/wp\/v2\/media\/43151"}],"wp:attachment":[{"href":"https:\/\/encuentroinformativo.com.mx\/index.php?rest_route=%2Fwp%2Fv2%2Fmedia&parent=43150"}],"wp:term":[{"taxonomy":"category","embeddable":true,"href":"https:\/\/encuentroinformativo.com.mx\/index.php?rest_route=%2Fwp%2Fv2%2Fcategories&post=43150"},{"taxonomy":"post_tag","embeddable":true,"href":"https:\/\/encuentroinformativo.com.mx\/index.php?rest_route=%2Fwp%2Fv2%2Ftags&post=43150"}],"curies":[{"name":"wp","href":"https:\/\/api.w.org\/{rel}","templated":true}]}}