{"id":43162,"date":"2023-07-26T13:51:11","date_gmt":"2023-07-26T19:51:11","guid":{"rendered":"https:\/\/encuentroinformativo.com.mx\/?p=43162"},"modified":"2023-07-26T13:51:35","modified_gmt":"2023-07-26T19:51:35","slug":"existe-una-sola-linea-de-investigacion-sobre-asesinato-de-zayma-zamora-cuitlahuac-garcia","status":"publish","type":"post","link":"https:\/\/encuentroinformativo.com.mx\/?p=43162","title":{"rendered":"Existe una sola l\u00ednea de investigaci\u00f3n sobre asesinato de Zayma Zamora: Cuitl\u00e1huac Garc\u00eda"},"content":{"rendered":"\n<p>Xalapa, Ver.- El gobernador Cuitl\u00e1huac Garc\u00eda Jim\u00e9nez inform\u00f3 que hay una sola l\u00ednea de investigaci\u00f3n sobre el asesinato de la excandidata a la presidencia municipal de Poza Rica, Zayma Zoraya Zamora Garc\u00eda.<\/p>\n\n\n\n<p>Cuestionado sobre el homicidio ocurrido el pasado martes cuando la v\u00edctima transitaba sobre el bulevar L\u00e1zaro C\u00e1rdenas de la ciudad donde resid\u00eda, explic\u00f3 que los detenidos resultantes del enfrentamiento entre polic\u00edas y manifestantes que se dio el pasado 14 de julio frente a la Secretar\u00eda de Seguridad P\u00fablica dieron a conocer que fue Zayma Zamora quien les pag\u00f3 para participar.<\/p>\n\n\n\n<p>\u201cDecimos que est\u00e1 raro porque ya que los detuvimos confesaron que tienen la promesa de ser contratados para PEMEX a trav\u00e9s del sindicato petrolero, entonces los tienen ah\u00ed enga\u00f1ados, y result\u00f3 que una persona que alent\u00f3 esa manifestaci\u00f3n fue la v\u00edctima. Yo no s\u00e9 si ella sab\u00eda lo que estaba haciendo, pero s\u00ed s\u00e9 que los que est\u00e1n detenidos confesaron que ella les pag\u00f3 250 y 300 pesos\u201d, dijo.<\/p>\n\n\n\n<p>En ese sentido, detall\u00f3 que muchas veces los grupos delictivos acuden a personas que tienen convocatoria o una labor social para convencer a la poblaci\u00f3n, sin embargo, inst\u00f3 a la ciudadan\u00eda a no caer en este tipo de solicitudes.<\/p>\n\n\n\n<p>\u201cQuiz\u00e1 ella no sab\u00eda que estaba meti\u00e9ndose en eso, esto es un homicidio y vamos a dar con los responsables. Yo no voy a aventurar lo que no me consta, pero les doy el contexto porque quiero que la gente de Poza Rica lo tenga claro y que no se involucren con cualquiera que les dice -vamos a tomar la carretera- porque porque detr\u00e1s podr\u00eda estar la pelea de estos grupos\u201d, enfatiz\u00f3.<\/p>\n","protected":false},"excerpt":{"rendered":"<p>Xalapa, Ver.- El gobernador Cuitl\u00e1huac Garc\u00eda Jim\u00e9nez inform\u00f3 que hay una sola l\u00ednea de investigaci\u00f3n sobre el asesinato de la excandidata a la presidencia municipal de Poza Rica, Zayma Zoraya Zamora Garc\u00eda. Cuestionado sobre el homicidio ocurrido el pasado martes cuando la v\u00edctima transitaba sobre el bulevar L\u00e1zaro C\u00e1rdenas de la ciudad donde resid\u00eda, explic\u00f3 [&hellip;]<\/p>\n","protected":false},"author":2476,"featured_media":41752,"comment_status":"open","ping_status":"open","sticky":false,"template":"","format":"standard","meta":{"_jetpack_memberships_contains_paid_content":false,"footnotes":""},"categories":[2],"tags":[],"class_list":["post-43162","post","type-post","status-publish","format-standard","has-post-thumbnail","hentry","category-estado"],"jetpack_featured_media_url":"https:\/\/encuentroinformativo.com.mx\/wp-content\/uploads\/2023\/06\/Photo_1686462405682.jpg","jetpack_sharing_enabled":true,"jetpack_likes_enabled":true,"amp_enabled":true,"_links":{"self":[{"href":"https:\/\/encuentroinformativo.com.mx\/index.php?rest_route=\/wp\/v2\/posts\/43162","targetHints":{"allow":["GET"]}}],"collection":[{"href":"https:\/\/encuentroinformativo.com.mx\/index.php?rest_route=\/wp\/v2\/posts"}],"about":[{"href":"https:\/\/encuentroinformativo.com.mx\/index.php?rest_route=\/wp\/v2\/types\/post"}],"author":[{"embeddable":true,"href":"https:\/\/encuentroinformativo.com.mx\/index.php?rest_route=\/wp\/v2\/users\/2476"}],"replies":[{"embeddable":true,"href":"https:\/\/encuentroinformativo.com.mx\/index.php?rest_route=%2Fwp%2Fv2%2Fcomments&post=43162"}],"version-history":[{"count":1,"href":"https:\/\/encuentroinformativo.com.mx\/index.php?rest_route=\/wp\/v2\/posts\/43162\/revisions"}],"predecessor-version":[{"id":43163,"href":"https:\/\/encuentroinformativo.com.mx\/index.php?rest_route=\/wp\/v2\/posts\/43162\/revisions\/43163"}],"wp:featuredmedia":[{"embeddable":true,"href":"https:\/\/encuentroinformativo.com.mx\/index.php?rest_route=\/wp\/v2\/media\/41752"}],"wp:attachment":[{"href":"https:\/\/encuentroinformativo.com.mx\/index.php?rest_route=%2Fwp%2Fv2%2Fmedia&parent=43162"}],"wp:term":[{"taxonomy":"category","embeddable":true,"href":"https:\/\/encuentroinformativo.com.mx\/index.php?rest_route=%2Fwp%2Fv2%2Fcategories&post=43162"},{"taxonomy":"post_tag","embeddable":true,"href":"https:\/\/encuentroinformativo.com.mx\/index.php?rest_route=%2Fwp%2Fv2%2Ftags&post=43162"}],"curies":[{"name":"wp","href":"https:\/\/api.w.org\/{rel}","templated":true}]}}