{"id":43164,"date":"2023-07-26T17:37:35","date_gmt":"2023-07-26T23:37:35","guid":{"rendered":"https:\/\/encuentroinformativo.com.mx\/?p=43164"},"modified":"2023-07-26T17:38:13","modified_gmt":"2023-07-26T23:38:13","slug":"jose-manuel-del-rio-se-adelanta-por-mc-iniciara-recorrido-por-todo-veracruz","status":"publish","type":"post","link":"https:\/\/encuentroinformativo.com.mx\/?p=43164","title":{"rendered":"Jos\u00e9 Manuel del R\u00edo se adelanta por MC iniciar\u00e1 recorrido por todo Veracruz"},"content":{"rendered":"\n<p><strong>Alejandro \u00c1vila<\/strong><\/p>\n\n\n\n<p>Boca del R\u00edo, Ver.- El secretario t\u00e9cnico de la Junta de Coordinaci\u00f3n Pol\u00edtica (JUCOPO) del Senado de la Rep\u00fablica, Jos\u00e9 Manuel del R\u00edo Virgen, iniciar\u00e1 una gira por los 212 municipios de Veracruz con la intenci\u00f3n de crear la estrategia adecuada para competir en los pr\u00f3ximos comicios de 2024.<\/p>\n\n\n\n<p>En rueda de prensa ofrecida la ma\u00f1ana de este mi\u00e9rcoles, el integrante de Movimiento Ciudadano asegur\u00f3 que como todo veracruzano mantiene su intenci\u00f3n de pelear por la gubernatura de Veracruz; e incluso brome\u00f3 al decir que, Veracruz es tan importante, que hasta los nacidos en el norte de la rep\u00fablica quieren pelear por gobernar la entidad veracruzana.<\/p>\n\n\n\n<p>Jos\u00e9 Manuel del R\u00edo dijo que ha sido nombrado coordinador de la Fundaci\u00f3n &#8220;Municipio en Movimiento&#8221;, donde adem\u00e1s de visitar ciudades en los Estados de Guerrero, Tamaulipas, Chihuahua, Tlaxcala, visitar\u00e1 los 212 municipios de Veracruz.<\/p>\n\n\n\n<p>&#8220;Voy a construir con la estructura que ya tenemos, un movimiento que le sirva a las mujeres y a los hombres, pero sobre todo a los j\u00f3venes de Veracruz, lo que nosotros queremos para ellos, lo mejor. Y lo mejor por qu\u00e9 nos merecemos un Veracruz mejor, hoy se les est\u00e1 amenazando todos los d\u00edas, lo mismo a la prensa, lo mismo a las mujeres, lo mismo a los pescadores, lo mismo a los m\u00e9dicos, se les est\u00e1 amenazando todos los d\u00edas y por eso hemos perdido la alegr\u00eda que tenemos&#8221;, enfariz\u00f3 el funcionario p\u00fablico.<\/p>\n\n\n\n<p>Durante el evento realizado en un conocido caf\u00e9 del municipio de Boca del R\u00edo se aclar\u00f3 que, los lineamientos para los aspirantes a la presidencia de la rep\u00fablica que deseen encabezar el proyecto de Movimiento Ciudadano se dar\u00e1n a conocer a partir del 29 de septiembre; mientras que los interesados en liderar el proyecto en Veracruz, se dar\u00e1n a conocer entre el 9 y 11 de diciembre, tal como lo marca el proceso electoral del 2024.<\/p>\n","protected":false},"excerpt":{"rendered":"<p>Alejandro \u00c1vila Boca del R\u00edo, Ver.- El secretario t\u00e9cnico de la Junta de Coordinaci\u00f3n Pol\u00edtica (JUCOPO) del Senado de la Rep\u00fablica, Jos\u00e9 Manuel del R\u00edo Virgen, iniciar\u00e1 una gira por los 212 municipios de Veracruz con la intenci\u00f3n de crear la estrategia adecuada para competir en los pr\u00f3ximos comicios de 2024. En rueda de prensa [&hellip;]<\/p>\n","protected":false},"author":2476,"featured_media":43165,"comment_status":"open","ping_status":"open","sticky":false,"template":"","format":"standard","meta":{"_jetpack_memberships_contains_paid_content":false,"footnotes":""},"categories":[2],"tags":[],"class_list":["post-43164","post","type-post","status-publish","format-standard","has-post-thumbnail","hentry","category-estado"],"jetpack_featured_media_url":"https:\/\/encuentroinformativo.com.mx\/wp-content\/uploads\/2023\/07\/IMG-20230726-WA00492.jpg","jetpack_sharing_enabled":true,"jetpack_likes_enabled":true,"amp_enabled":true,"_links":{"self":[{"href":"https:\/\/encuentroinformativo.com.mx\/index.php?rest_route=\/wp\/v2\/posts\/43164","targetHints":{"allow":["GET"]}}],"collection":[{"href":"https:\/\/encuentroinformativo.com.mx\/index.php?rest_route=\/wp\/v2\/posts"}],"about":[{"href":"https:\/\/encuentroinformativo.com.mx\/index.php?rest_route=\/wp\/v2\/types\/post"}],"author":[{"embeddable":true,"href":"https:\/\/encuentroinformativo.com.mx\/index.php?rest_route=\/wp\/v2\/users\/2476"}],"replies":[{"embeddable":true,"href":"https:\/\/encuentroinformativo.com.mx\/index.php?rest_route=%2Fwp%2Fv2%2Fcomments&post=43164"}],"version-history":[{"count":1,"href":"https:\/\/encuentroinformativo.com.mx\/index.php?rest_route=\/wp\/v2\/posts\/43164\/revisions"}],"predecessor-version":[{"id":43166,"href":"https:\/\/encuentroinformativo.com.mx\/index.php?rest_route=\/wp\/v2\/posts\/43164\/revisions\/43166"}],"wp:featuredmedia":[{"embeddable":true,"href":"https:\/\/encuentroinformativo.com.mx\/index.php?rest_route=\/wp\/v2\/media\/43165"}],"wp:attachment":[{"href":"https:\/\/encuentroinformativo.com.mx\/index.php?rest_route=%2Fwp%2Fv2%2Fmedia&parent=43164"}],"wp:term":[{"taxonomy":"category","embeddable":true,"href":"https:\/\/encuentroinformativo.com.mx\/index.php?rest_route=%2Fwp%2Fv2%2Fcategories&post=43164"},{"taxonomy":"post_tag","embeddable":true,"href":"https:\/\/encuentroinformativo.com.mx\/index.php?rest_route=%2Fwp%2Fv2%2Ftags&post=43164"}],"curies":[{"name":"wp","href":"https:\/\/api.w.org\/{rel}","templated":true}]}}