{"id":43167,"date":"2023-07-26T18:21:30","date_gmt":"2023-07-27T00:21:30","guid":{"rendered":"https:\/\/encuentroinformativo.com.mx\/?p=43167"},"modified":"2023-07-26T18:21:47","modified_gmt":"2023-07-27T00:21:47","slug":"diputada-promueve-armonizar-derechos-de-adultos-mayores","status":"publish","type":"post","link":"https:\/\/encuentroinformativo.com.mx\/?p=43167","title":{"rendered":"Diputada promueve armonizar derechos de adultos mayores"},"content":{"rendered":"\n<p><strong>Alejandro \u00c1vila<\/strong><\/p>\n\n\n\n<p>Veracruz, Ver.- La diputada, Ver\u00f3nica Pulido Herrera, promovi\u00f3 en el Congreso de Veracruz se garanticen y protejan los derechos de las 981 mil 011 personas mayores de 60 a\u00f1os que hay en la entidad veracruzana.<\/p>\n\n\n\n<p>En ese sentido, durante su participaci\u00f3n en el pleno del Congreso de Veracruz, la legisladora panista present\u00f3 una iniciativa para armonizar la Ley de los Derechos de las Personas Mayores, con la Convenci\u00f3n Interamericana sobre la Protecci\u00f3n de los Derechos Humanos de las Personas Mayores en la Organizaci\u00f3n de Estados Americanos (OEA).<\/p>\n\n\n\n<p>De esta manera, dijo la legisladora, se garantizan a los adultos mayores una vida digna en su vejez; est\u00e1 iniciativa contempla que las autoridades contribuyan a otorgarles seguridad y certeza jur\u00eddica para que esa etapa de la vida sea de oportunidades y no de regateos, desterrando las humillaciones, pobreza y violencia.<\/p>\n\n\n\n<p>Expuso que las personas mayores, como ocurre con otros grupos de personas vulnerables, deben gozar de los derechos que ofrece el marco jur\u00eddico, en igualdad de condiciones, con autonom\u00eda e independencia, en forma justa, democr\u00e1tica y humana.<\/p>\n\n\n\n<p>Cabe resaltar que, en Veracruz, hay 455 mil 458 hombres y, 525 mil 553 mujeres, que superan los 60 a\u00f1os, lo que representa el 12.41% del total de la poblaci\u00f3n en el estado y, por tal motivo, se les debe proteger y garantizar sus derechos,&nbsp; para tener un envejecimiento activo y saludable.<\/p>\n\n\n\n<p>Ver\u00f3nica Pulido Herrera, mencion\u00f3 que con esta armonizaci\u00f3n de la ley de las personas mayores se solicitar\u00e1 al DIF Estatal la atribuci\u00f3n de informar y sensibilizar a la sociedad sobre las diversas formas de violencia para identificarlas y prevenirlas, as\u00ed como el desarrollar programas de capacitaci\u00f3n dirigidos a las familias y a las personas que ejerzan tareas de cuidado de las personas mayores.<\/p>\n","protected":false},"excerpt":{"rendered":"<p>Alejandro \u00c1vila Veracruz, Ver.- La diputada, Ver\u00f3nica Pulido Herrera, promovi\u00f3 en el Congreso de Veracruz se garanticen y protejan los derechos de las 981 mil 011 personas mayores de 60 a\u00f1os que hay en la entidad veracruzana. En ese sentido, durante su participaci\u00f3n en el pleno del Congreso de Veracruz, la legisladora panista present\u00f3 una [&hellip;]<\/p>\n","protected":false},"author":2476,"featured_media":43168,"comment_status":"open","ping_status":"open","sticky":false,"template":"","format":"standard","meta":{"_jetpack_memberships_contains_paid_content":false,"footnotes":""},"categories":[2],"tags":[],"class_list":["post-43167","post","type-post","status-publish","format-standard","has-post-thumbnail","hentry","category-estado"],"jetpack_featured_media_url":"https:\/\/encuentroinformativo.com.mx\/wp-content\/uploads\/2023\/07\/IMG-20230726-WA0053.jpg","jetpack_sharing_enabled":true,"jetpack_likes_enabled":true,"amp_enabled":true,"_links":{"self":[{"href":"https:\/\/encuentroinformativo.com.mx\/index.php?rest_route=\/wp\/v2\/posts\/43167","targetHints":{"allow":["GET"]}}],"collection":[{"href":"https:\/\/encuentroinformativo.com.mx\/index.php?rest_route=\/wp\/v2\/posts"}],"about":[{"href":"https:\/\/encuentroinformativo.com.mx\/index.php?rest_route=\/wp\/v2\/types\/post"}],"author":[{"embeddable":true,"href":"https:\/\/encuentroinformativo.com.mx\/index.php?rest_route=\/wp\/v2\/users\/2476"}],"replies":[{"embeddable":true,"href":"https:\/\/encuentroinformativo.com.mx\/index.php?rest_route=%2Fwp%2Fv2%2Fcomments&post=43167"}],"version-history":[{"count":1,"href":"https:\/\/encuentroinformativo.com.mx\/index.php?rest_route=\/wp\/v2\/posts\/43167\/revisions"}],"predecessor-version":[{"id":43169,"href":"https:\/\/encuentroinformativo.com.mx\/index.php?rest_route=\/wp\/v2\/posts\/43167\/revisions\/43169"}],"wp:featuredmedia":[{"embeddable":true,"href":"https:\/\/encuentroinformativo.com.mx\/index.php?rest_route=\/wp\/v2\/media\/43168"}],"wp:attachment":[{"href":"https:\/\/encuentroinformativo.com.mx\/index.php?rest_route=%2Fwp%2Fv2%2Fmedia&parent=43167"}],"wp:term":[{"taxonomy":"category","embeddable":true,"href":"https:\/\/encuentroinformativo.com.mx\/index.php?rest_route=%2Fwp%2Fv2%2Fcategories&post=43167"},{"taxonomy":"post_tag","embeddable":true,"href":"https:\/\/encuentroinformativo.com.mx\/index.php?rest_route=%2Fwp%2Fv2%2Ftags&post=43167"}],"curies":[{"name":"wp","href":"https:\/\/api.w.org\/{rel}","templated":true}]}}