{"id":43173,"date":"2023-07-26T18:32:27","date_gmt":"2023-07-27T00:32:27","guid":{"rendered":"https:\/\/encuentroinformativo.com.mx\/?p=43173"},"modified":"2023-07-26T18:33:08","modified_gmt":"2023-07-27T00:33:08","slug":"transito-del-estado-localiza-en-banderilla-contenedores-robados","status":"publish","type":"post","link":"https:\/\/encuentroinformativo.com.mx\/?p=43173","title":{"rendered":"Tr\u00e1nsito del Estado localiza en Banderilla contenedores robados"},"content":{"rendered":"\n<p>Banderilla, Ver.- Elementos de la Secretar\u00eda de Seguridad P\u00fablica adscritos a la Direcci\u00f3n General de Tr\u00e1nsito y Seguridad Vial de la delegaci\u00f3n de Banderilla, derivado de un reporte ciudadano, localizaron y pusieron bajo resguardo dos plataformas y contenedores de tr\u00e1iler presuntamente abandonados sobre la carretera federal 140 y con reporte de robo.<\/p>\n\n\n\n<p>Autoridades de la dependencia estatal informaron que el hecho se registr\u00f3 en la colonia El Capul\u00edn de este municipio, cerca del mediod\u00eda, donde atendiendo la denuncia, oficiales de tr\u00e1nsito coordinados con Guardia Nacional con sede en Xalapa, acudieron al lugar del reporte para realizar la inspecci\u00f3n correspondiente, localizando las 2 unidades de carga pesada. Al verificar la situaci\u00f3n de las cajas, en la base de datos del REPUVE de la Fiscal\u00eda General de Justicia, arroj\u00f3 que est\u00e1s contaban con reporte de robo del d\u00eda 19 del presente mes, por lo cual de manera inmediata se procedi\u00f3 al aseguramiento de las mismas.<\/p>\n\n\n\n<p>Al tratarse de competencia y tramo federal, no se brind\u00f3 m\u00e1s informaci\u00f3n, los contenedores fueron retirados, resguardados y puestos a disposici\u00f3n de acuerdo a los procedimientos por efectivos de la Guardia Nacional ante la autoridad correspondiente.<\/p>\n","protected":false},"excerpt":{"rendered":"<p>Banderilla, Ver.- Elementos de la Secretar\u00eda de Seguridad P\u00fablica adscritos a la Direcci\u00f3n General de Tr\u00e1nsito y Seguridad Vial de la delegaci\u00f3n de Banderilla, derivado de un reporte ciudadano, localizaron y pusieron bajo resguardo dos plataformas y contenedores de tr\u00e1iler presuntamente abandonados sobre la carretera federal 140 y con reporte de robo. Autoridades de la [&hellip;]<\/p>\n","protected":false},"author":2476,"featured_media":43174,"comment_status":"open","ping_status":"open","sticky":false,"template":"","format":"standard","meta":{"_jetpack_memberships_contains_paid_content":false,"footnotes":""},"categories":[14],"tags":[],"class_list":["post-43173","post","type-post","status-publish","format-standard","has-post-thumbnail","hentry","category-policiaca"],"jetpack_featured_media_url":"https:\/\/encuentroinformativo.com.mx\/wp-content\/uploads\/2023\/07\/IMG-20230726-WA0056.jpg","jetpack_sharing_enabled":true,"jetpack_likes_enabled":true,"amp_enabled":true,"_links":{"self":[{"href":"https:\/\/encuentroinformativo.com.mx\/index.php?rest_route=\/wp\/v2\/posts\/43173","targetHints":{"allow":["GET"]}}],"collection":[{"href":"https:\/\/encuentroinformativo.com.mx\/index.php?rest_route=\/wp\/v2\/posts"}],"about":[{"href":"https:\/\/encuentroinformativo.com.mx\/index.php?rest_route=\/wp\/v2\/types\/post"}],"author":[{"embeddable":true,"href":"https:\/\/encuentroinformativo.com.mx\/index.php?rest_route=\/wp\/v2\/users\/2476"}],"replies":[{"embeddable":true,"href":"https:\/\/encuentroinformativo.com.mx\/index.php?rest_route=%2Fwp%2Fv2%2Fcomments&post=43173"}],"version-history":[{"count":1,"href":"https:\/\/encuentroinformativo.com.mx\/index.php?rest_route=\/wp\/v2\/posts\/43173\/revisions"}],"predecessor-version":[{"id":43175,"href":"https:\/\/encuentroinformativo.com.mx\/index.php?rest_route=\/wp\/v2\/posts\/43173\/revisions\/43175"}],"wp:featuredmedia":[{"embeddable":true,"href":"https:\/\/encuentroinformativo.com.mx\/index.php?rest_route=\/wp\/v2\/media\/43174"}],"wp:attachment":[{"href":"https:\/\/encuentroinformativo.com.mx\/index.php?rest_route=%2Fwp%2Fv2%2Fmedia&parent=43173"}],"wp:term":[{"taxonomy":"category","embeddable":true,"href":"https:\/\/encuentroinformativo.com.mx\/index.php?rest_route=%2Fwp%2Fv2%2Fcategories&post=43173"},{"taxonomy":"post_tag","embeddable":true,"href":"https:\/\/encuentroinformativo.com.mx\/index.php?rest_route=%2Fwp%2Fv2%2Ftags&post=43173"}],"curies":[{"name":"wp","href":"https:\/\/api.w.org\/{rel}","templated":true}]}}