{"id":43176,"date":"2023-07-27T01:23:54","date_gmt":"2023-07-27T07:23:54","guid":{"rendered":"https:\/\/encuentroinformativo.com.mx\/?p=43176"},"modified":"2023-07-27T01:23:59","modified_gmt":"2023-07-27T07:23:59","slug":"encabeza-alcalde-jm-unanue-paseo-acuatico-y-ofrenda-floral-a-nuestra-senora-de-santa-ana","status":"publish","type":"post","link":"https:\/\/encuentroinformativo.com.mx\/?p=43176","title":{"rendered":"Encabeza Alcalde JM Un\u00e1nue Paseo Acu\u00e1tico y Ofrenda Floral a nuestra Se\u00f1ora de Santa Ana"},"content":{"rendered":"\n<p>*<strong><em>Este jueves 27 de julio se llevar\u00e1 a cabo la Coronaci\u00f3n de la Corte Real y el primer concierto masivo del colombiano David Zahan<\/em>.<\/strong><\/p>\n\n\n\n<p>Boca del R\u00edo, Ver.- Como ya es tradici\u00f3n, el Alcalde de Boca del R\u00edo, Juan Manuel Un\u00e1nue Abascal, encabez\u00f3 el tradicional Paseo Acu\u00e1tico y Ofrenda Floral en el r\u00edo Jamapa a nuestra se\u00f1ora de Santa Ana, representando as\u00ed la fe y el gran trabajo de la comunidad boque\u00f1a en estas Fiestas de Santa Ana 2023.<\/p>\n\n\n\n<p>Al finalizar la Misa de los Abuelos en la Parroquia de Santa Ana, el Presidente Municipal acompa\u00f1ado por la Presidenta del DIF, Melina Rivera de Un\u00e1nue, acompa\u00f1aron a las autoridades municipales y eclesi\u00e1sticas para escoltar a Nuestra Se\u00f1ora de Santa Ana rumbo a las embarcaciones encargadas de navegar y realizar la procesi\u00f3n acu\u00e1tica por el afluente.<\/p>\n\n\n\n<p>El contingente previamente se detuvo frente al islote donde se encuentra una representaci\u00f3n de la Patrona de los boque\u00f1os, para dejar una ofrenda floral en espera de una buena temporada de pesca y su protecci\u00f3n al municipio.<\/p>\n\n\n\n<p>Por su parte, el Alcalde de Boca del R\u00edo enfatiz\u00f3 que su administraci\u00f3n ha hecho un esfuerzo para realizar estas fiestas patronales en el marco del 35 aniversario de la ciudad.<\/p>\n\n\n\n<p>\u201cTodo listo para la coronaci\u00f3n y para el primer gran concierto de David Zahan, contamos con una gran cartelera; el viernes a Luis Antonio L\u00f3pez \u2018El Mimoso\u2019, el s\u00e1bado el Tradicional Ba\u00f1o con nuestra madrina Ivonne Montero y Mario Polo, por la noche la Arrolladora Banda El Lim\u00f3n y cerramos con el Torito y el concierto de Junior Klan\u201d, apunt\u00f3 Un\u00e1nue Abascal.<\/p>\n\n\n\n<p><em>MISA DE LOS ABUELOS<\/em><\/p>\n\n\n\n<p>Al medio d\u00eda de este mi\u00e9rcoles se realiz\u00f3 la Misa de los Abuelos en la parroquia de Santa Ana, celebr\u00e1ndola el Obispo de Veracruz, Carlos Brise\u00f1o Arch en compa\u00f1\u00eda del P\u00e1rroco Guillermo Arturo Ram\u00edrez Mart\u00ednez, mientras que por la noche se llev\u00f3 a cabo la Misa de Clausura, dando fin a las actividades religiosas.<\/p>\n\n\n\n<p>Presente la Corte Real integrada por Karla Roxanne Gonz\u00e1lez Mojica, Doncella del Mar 2023; Mar\u00eda Rosal\u00edn Cruz Barrientos, Princesa Primera; In\u00e9s de Jes\u00fas Mart\u00ednez Esmediche, Princesa Segunda y Guillermo Rafael Mu\u00f1oz Rodr\u00edguez, Trit\u00f3n 2023, adem\u00e1s de Abril Arz\u00e1bal Molina, Florecita del Mar.<\/p>\n\n\n\n<p>Finalmente, el Ayuntamiento de Boca del R\u00edo invita a los ciudadanos a informarse sobre las actividades y conciertos a trav\u00e9s de las Redes Sociales Oficiales del Ayuntamiento: www.facebook.com\/BocaLoMejorDeVeracruz, Twitter: @_BocadelRio e Instagram: @bocadelrio.ver; as\u00ed como la p\u00e1gina oficial www.fiesta-santa-ana.mx.<\/p>\n","protected":false},"excerpt":{"rendered":"<p>*Este jueves 27 de julio se llevar\u00e1 a cabo la Coronaci\u00f3n de la Corte Real y el primer concierto masivo del colombiano David Zahan. Boca del R\u00edo, Ver.- Como ya es tradici\u00f3n, el Alcalde de Boca del R\u00edo, Juan Manuel Un\u00e1nue Abascal, encabez\u00f3 el tradicional Paseo Acu\u00e1tico y Ofrenda Floral en el r\u00edo Jamapa a [&hellip;]<\/p>\n","protected":false},"author":2476,"featured_media":43177,"comment_status":"open","ping_status":"open","sticky":false,"template":"","format":"standard","meta":{"_jetpack_memberships_contains_paid_content":false,"footnotes":""},"categories":[2],"tags":[],"class_list":["post-43176","post","type-post","status-publish","format-standard","has-post-thumbnail","hentry","category-estado"],"jetpack_featured_media_url":"https:\/\/encuentroinformativo.com.mx\/wp-content\/uploads\/2023\/07\/IMG-20230726-WA0062.jpg","jetpack_sharing_enabled":true,"jetpack_likes_enabled":true,"amp_enabled":true,"_links":{"self":[{"href":"https:\/\/encuentroinformativo.com.mx\/index.php?rest_route=\/wp\/v2\/posts\/43176","targetHints":{"allow":["GET"]}}],"collection":[{"href":"https:\/\/encuentroinformativo.com.mx\/index.php?rest_route=\/wp\/v2\/posts"}],"about":[{"href":"https:\/\/encuentroinformativo.com.mx\/index.php?rest_route=\/wp\/v2\/types\/post"}],"author":[{"embeddable":true,"href":"https:\/\/encuentroinformativo.com.mx\/index.php?rest_route=\/wp\/v2\/users\/2476"}],"replies":[{"embeddable":true,"href":"https:\/\/encuentroinformativo.com.mx\/index.php?rest_route=%2Fwp%2Fv2%2Fcomments&post=43176"}],"version-history":[{"count":1,"href":"https:\/\/encuentroinformativo.com.mx\/index.php?rest_route=\/wp\/v2\/posts\/43176\/revisions"}],"predecessor-version":[{"id":43178,"href":"https:\/\/encuentroinformativo.com.mx\/index.php?rest_route=\/wp\/v2\/posts\/43176\/revisions\/43178"}],"wp:featuredmedia":[{"embeddable":true,"href":"https:\/\/encuentroinformativo.com.mx\/index.php?rest_route=\/wp\/v2\/media\/43177"}],"wp:attachment":[{"href":"https:\/\/encuentroinformativo.com.mx\/index.php?rest_route=%2Fwp%2Fv2%2Fmedia&parent=43176"}],"wp:term":[{"taxonomy":"category","embeddable":true,"href":"https:\/\/encuentroinformativo.com.mx\/index.php?rest_route=%2Fwp%2Fv2%2Fcategories&post=43176"},{"taxonomy":"post_tag","embeddable":true,"href":"https:\/\/encuentroinformativo.com.mx\/index.php?rest_route=%2Fwp%2Fv2%2Ftags&post=43176"}],"curies":[{"name":"wp","href":"https:\/\/api.w.org\/{rel}","templated":true}]}}