{"id":43182,"date":"2023-07-27T16:42:41","date_gmt":"2023-07-27T22:42:41","guid":{"rendered":"https:\/\/encuentroinformativo.com.mx\/?p=43182"},"modified":"2023-07-27T16:42:45","modified_gmt":"2023-07-27T22:42:45","slug":"entonces-mintio-capufe-cual-fue-el-evento-delictivo-que-reporto","status":"publish","type":"post","link":"https:\/\/encuentroinformativo.com.mx\/?p=43182","title":{"rendered":"\u00bfENTONCES MINTI\u00d3 CAPUFE? \u00bfCU\u00c1L FUE EL &#8220;EVENTO DELICTIVO&#8221; QUE REPORT\u00d3?"},"content":{"rendered":"\n<p><strong>ColumnaSinNombre<br>@pablojair<\/strong><\/p>\n\n\n\n<ul class=\"wp-block-list\"><li>Que opinadores dejen de ser irresponsables: gobers-4T.<\/li><li>Crimen de \u201cLady Pesta\u00f1as\u201d, vinculado al crimen organizado.<\/li><li>Zenyazen destaca obras del gobierno de Cuitl\u00e1huac.<\/li><\/ul>\n\n\n\n<p>Jagger cumple 80 y Sin\u00e9ad fallece a los 56\u2026 \u00bfQu\u00e9 cosas, no?<br>\u2014Chopenjawer<\/p>\n\n\n\n<p>En la conferencia &#8220;ma\u00f1anera&#8221; de este mi\u00e9rcoles, el presidente Andr\u00e9s Manuel L\u00f3pez Obrador dijo que no hubo un asalto masivo en las Cumbres de Maltrata (ubicadas entre los estados de Puebla y Veracruz) como se hab\u00eda reportado desde el lunes en diversos medios de comunicaci\u00f3n y redes sociales.<\/p>\n\n\n\n<p>Fue la Secretar\u00eda de Seguridad P\u00fablica de Veracruz la que adelant\u00f3 esta versi\u00f3n el martes por la ma\u00f1ana a trav\u00e9s de sus canales oficiales, calificando como falsa la informaci\u00f3n.<\/p>\n\n\n\n<p>Todo el relajo creci\u00f3 porque en redes sociales se viraliz\u00f3 un video donde se ve a una persona que est\u00e1 grabando una gran cantidad de coches atascados en la carretera de las Cumbres de Maltrata. En el mismo narra: \u201cesta carretera es solamente de un solo sentido hacia arriba y venimos huyendo todos estos coches en sentido contrario por el tema de asaltos con rifle\u201d.<\/p>\n\n\n\n<p>Y ya sabe, el chismer\u00edo se desbord\u00f3\u2026<\/p>\n\n\n\n<p>A este video se sumaron versiones \u2014sin verificar, lamentablemente\u2014 de que hab\u00eda un asalto masivo en el sitio y que ya hab\u00edan agredido a por lo menos 300 automovilistas, seg\u00fan lo que dijo la secretaria federal de Seguridad, Rosa Icela Rodr\u00edguez, tambi\u00e9n en la &#8220;ma\u00f1anera&#8221;.<\/p>\n\n\n\n<p>El asunto se politiza (para variar) por la confrontaci\u00f3n que mantienen la Cuarta Transformeshion y algunos medios de comunicaci\u00f3n o periodistas.<\/p>\n\n\n\n<p>El problema fue que para los l\u00edderes de la llamada 4T fue m\u00e1s f\u00e1cil culpar a los medios de esa informaci\u00f3n que se difundi\u00f3 ampliamente, cuando muchos \u2014entre ellos, su servilleta\u2014 dieron como cierto que hab\u00eda un \u201cevento delictivo\u201d en la zona, porque as\u00ed lo confirm\u00f3 la cuenta oficial de Twitter de Caminos y Puentes Federales (Capufe).<\/p>\n\n\n\n<p>As\u00ed lo report\u00f3 a las 12:57 horas, de este 24 de julio: &#8220;CARGA VEHICULAR Aut. Acatzingo-Cd Mendoza, km 228, dir. Acatzingo. Registra carga vehicular por atenci\u00f3n a incidente (evento delictivo). En la zona se registran 2 km de fila aprox. Para m\u00e1s informaci\u00f3n llama al 088 de @GN_Carreteras. Toma tus precauciones\u201d.<\/p>\n\n\n\n<p>Cabe mencionar que no es la primera vez que se reportan eventos delictivos en dicha zona lim\u00edtrofe entre Puebla y Veracruz. De hecho, esta regi\u00f3n ha sido una de las m\u00e1s peligrosas en cuanto al robo de transporte y as\u00ed lo han se\u00f1alado los dirigentes de dicho gremio varias veces, desde hace a\u00f1os.<\/p>\n\n\n\n<p>Es tambi\u00e9n un lugar donde constantemente hubo asalto a trenes y los informes oficiales se\u00f1alan como responsables a integrantes de la banda de \u201cEl Bukanas\u201d, Roberto de Los Santos de Jes\u00fas, un ex jefe polic\u00edaco de Veracruz ahora metido en el crimen organizado, a quien tambi\u00e9n le atribuyen robo de combustible o \u201chuachicoleo\u201d.<\/p>\n\n\n\n<p>Con este antecedente de robos y asaltos, no era descartable la versi\u00f3n de que el lunes, en las Cumbres de Maltrata, estaba ocurriendo un \u201cevento delictivo\u201d, tal como lo report\u00f3 Caminos y Puentes Federales.<\/p>\n\n\n\n<p>Es decir, no s\u00f3lo hubo una \u201cfalsedad\u201d de los medios o periodistas, sino que muchos nos basamos en que CAPUFE s\u00ed confirm\u00f3 un evento delictivo a trav\u00e9s de Twitter, cuya cuenta suele ser altamente confiable en lo que respecta a la informaci\u00f3n de cierre de carreteras, incidentes, bloqueos, etc.<\/p>\n\n\n\n<p>En este sentido, tal vez como medios podr\u00edamos haber intuido que el cierre en las Cumbres de Maltrata podr\u00eda haber sido por otra causa, pero fue la propia dependencia federal la que public\u00f3 \u2014insisto, para que quede claro\u2014 que estaba suscit\u00e1ndose un evento delictivo, sin especificar cu\u00e1l o de qu\u00e9 tipo.<\/p>\n\n\n\n<p>Pero v\u00e1monos m\u00e1s all\u00e1: Capufe (enti\u00e9ndase Gobierno Federal) entonces tambi\u00e9n tuvo responsabilidad de este supuesto reporte falso o no aclarado, mismo que seguramente tambi\u00e9n vieron muchos automovilistas o familiares de estos, e inmediatamente les avisaron que hab\u00eda un \u201cevento delictivo\u201d en progreso. De ah\u00ed pudo haberse originado la psicosis, que se reforz\u00f3 con el video en redes y las versiones de los medios.<\/p>\n\n\n\n<p>Y a lo mejor le cuesta mucho comprender a la 4T que de este lado tambi\u00e9n hay criterio para dudar de la fuente oficial; quienes estamos en este rollo de medios desde hace muchos a\u00f1os, sabemos que no siempre esa parte cuenta toda la versi\u00f3n de un hecho delictivo u otros temas; muchas veces se esconden datos \u2014por conveniencia pol\u00edtica\u2014 y s\u00f3lo cuando ya no puede controlar la narrativa, es cuando se decide informar, aclarar, confirmar o desmentir.<\/p>\n\n\n\n<p>Aqu\u00ed tambi\u00e9n entonces deber\u00eda haber una responsabilidad oficial y no s\u00f3lo una culpa de los medios: \u00bfpor qu\u00e9 se dej\u00f3 crecer desde el lunes al mediod\u00eda hasta el martes y mi\u00e9rcoles por la ma\u00f1ana la versi\u00f3n del asalto masivo en Maltrata si era falsa? \u00bfA poco tardaron 24 horas para verificar? \u00bfAcaso no se dieron cuenta que el chisme estaba creciendo porque hab\u00eda una parte oficial (Capufe) que report\u00f3 un supuesto evento delictivo? \u00bfPor qu\u00e9 tardaron tanto en atajar lo que seg\u00fan era informaci\u00f3n falsa y dejaron que corriera como reguero de p\u00f3lvora? \u00bfPor qu\u00e9 no se ataj\u00f3 el mismo lunes antes de que saliera en los noticieros nocturnos?<\/p>\n\n\n\n<p>Y perdone que sea tan jod\u00f3n en reiterar: fue CAPUFE, un organismo del gobierno federal dependiente de la Secretar\u00eda de Comunicaciones, quien report\u00f3 que hab\u00eda un evento delictivo. Luego entonces s\u00ed hubo una confirmaci\u00f3n por la parte oficial de un suceso de esa naturaleza.<\/p>\n\n\n\n<p>Lo anterior deja tambi\u00e9n otras dudas no aclaradas: \u00bfEntonces cu\u00e1l fue el evento delictivo informado por CAPUFE que cre\u00f3 carga vehicular en la carretera con una cola de dos kil\u00f3metros de largo? \u00bfO la dependencia minti\u00f3, se equivoc\u00f3 y no ha querido aclarar el asunto?<\/p>\n\n\n\n<p>\u201cHaiga sido como haiga sido\u201d, si bien muchos medios y periodistas dimos como cierta la informaci\u00f3n (otros exageraron y se azotaron en sus editoriales), tampoco es para culparnos de todo el tepache regado; la psicosis pudo haber venido \u2014reitero\u2014 de una informaci\u00f3n err\u00f3nea de Caminos y Puentes Federales.<\/p>\n\n\n\n<p>Pero bueno, as\u00ed es esto del abarrote: a veces te toca despensa y si no, garrote\u2026 \u00a1Ay, goldo!<\/p>\n\n\n\n<p><strong>NOTA PARA PEGAR EN EL REFRI:<\/strong> Ayer varios mandatarios estatales (los vinculados a la 4T) publicaron un desplegado para hacer un llamado \u201ca no infundir miedo como estrategia pol\u00edtica, as\u00ed como a respetar nuestras diferencias y a la democracia como v\u00eda para dirimirlas\u201d\u2026 En un segundo p\u00e1rrafo, subraya: \u201cRecientemente, diversas voces y opinadores vinculados al viejo r\u00e9gimen y a la oposici\u00f3n de la Cuarta Transformaci\u00f3n han buscado sembrar temor, argumentando que la \u00e9poca de la violencia pol\u00edtica (que con mucho dolor y esfuerzo superamos las y los mexicanos) pudiera regresar; con el cinismo y la hipocres\u00eda que les caracteriza, sugieren que &#8220;alguien&#8221; podr\u00eda atentar contra figuras de la oposici\u00f3n que han manifestado intereses electorales o contra medios de comunicaci\u00f3n que apoyan su visi\u00f3n pol\u00edtica\u201d\u2026 Y finaliza: \u201cLas y los gobernadores de la 4T pedimos a estos opinadores que dejen de ser irresponsables y a la oposici\u00f3n a que entienda que M\u00e9xico ya cambi\u00f3, que el gobierno de la 4T promueve la libertad de expresi\u00f3n, que no reprime ni genera violencia; ya sean verdaderos dem\u00f3cratas y reconozcan la voluntad popular\u201d\u2026 Definitivamente se ve que las elecciones van a estar bastante candentes.<\/p>\n\n\n\n<p><strong>OTRA NOTA: <\/strong>Que detr\u00e1s del reciente asesinato de la ex candidata a la Presidencia Municipal de Poza Rica por el partido Unidad Ciudadana, Zayma Zoraya Zamora Garc\u00eda (a) \u201cLady Pesta\u00f1as\u201d, estar\u00eda una disputa entre bandas del crimen organizado que buscan controlar la plaza\u2026 Lo anterior lo revel\u00f3 el gobernador Cuitl\u00e1huac Garc\u00eda Jim\u00e9nez en su conferencia de prensa de este mi\u00e9rcoles, ya que ella \u2014asegur\u00f3\u2014 fue quien pag\u00f3 de 250 a 300 pesos a los manifestantes que el pasado 13 de julio arremetieron con palos, piedras y objetos en llamas lanzados contra instalaciones de la Polic\u00eda Estatal en Poza Rica\u2026 Aclar\u00f3 que ella no estaba siendo investigada y quiz\u00e1s ni estaba dimensionando lo que estaba haciendo al patrocinar la \u201cprotesta\u201d contra Seguridad P\u00fablica del Estado, pero todo parece indicar que cay\u00f3 en el juego de los malandros y por eso qued\u00f3 en medio de la guerra que se traen.<\/p>\n\n\n\n<p><strong>LA \u00daLTIMA PORQUE UN RATITO DE GHOST RECON: <\/strong>Ejecutar de manera contundente, transparente, trabajando y supervisando es lo que ha permitido al gobierno de Cuitl\u00e1huac Garc\u00eda Jim\u00e9nez realizar obras que ser\u00e1n hist\u00f3ricas, como el Nido del Halc\u00f3n, el Estadio de Futbol Luis \u201cPirata\u201d Fuente o el Bachillerato Tecnol\u00f3gico de Educaci\u00f3n y Promoci\u00f3n Deportiva (BTED), expres\u00f3 el secretario de Educaci\u00f3n, Zenyazen Escobar Garc\u00eda, al presidir la Segunda Sesi\u00f3n Ordinaria del Consejo Directivo del Instituto de Espacios Educativos del Estado de Veracruz (IEEV)\u2026 En presencia del director del IEEV, Ricardo Garc\u00eda Jim\u00e9nez, el titular de la Secretar\u00eda de Educaci\u00f3n de Veracruz (SEV) resalt\u00f3 que durante la actual gesti\u00f3n estatal se han consolidado obras de gran calado gracias al inter\u00e9s del mandatario estatal, a las finanzas sanas que actualmente hay y a todo el equipo que conforma la administraci\u00f3n, y en su caso, a quienes laboran en la dependencia a su cargo.<\/p>\n","protected":false},"excerpt":{"rendered":"<p>ColumnaSinNombre@pablojair Que opinadores dejen de ser irresponsables: gobers-4T. Crimen de \u201cLady Pesta\u00f1as\u201d, vinculado al crimen organizado. Zenyazen destaca obras del gobierno de Cuitl\u00e1huac. Jagger cumple 80 y Sin\u00e9ad fallece a los 56\u2026 \u00bfQu\u00e9 cosas, no?\u2014Chopenjawer En la conferencia &#8220;ma\u00f1anera&#8221; de este mi\u00e9rcoles, el presidente Andr\u00e9s Manuel L\u00f3pez Obrador dijo que no hubo un asalto masivo [&hellip;]<\/p>\n","protected":false},"author":2476,"featured_media":488,"comment_status":"open","ping_status":"open","sticky":false,"template":"","format":"standard","meta":{"_jetpack_memberships_contains_paid_content":false,"footnotes":""},"categories":[11],"tags":[],"class_list":["post-43182","post","type-post","status-publish","format-standard","has-post-thumbnail","hentry","category-opinion"],"jetpack_featured_media_url":"https:\/\/encuentroinformativo.com.mx\/wp-content\/uploads\/2020\/03\/F471F608-BA1A-416B-BA7B-BCFB24F4E6D0.jpeg","jetpack_sharing_enabled":true,"jetpack_likes_enabled":true,"amp_enabled":true,"_links":{"self":[{"href":"https:\/\/encuentroinformativo.com.mx\/index.php?rest_route=\/wp\/v2\/posts\/43182","targetHints":{"allow":["GET"]}}],"collection":[{"href":"https:\/\/encuentroinformativo.com.mx\/index.php?rest_route=\/wp\/v2\/posts"}],"about":[{"href":"https:\/\/encuentroinformativo.com.mx\/index.php?rest_route=\/wp\/v2\/types\/post"}],"author":[{"embeddable":true,"href":"https:\/\/encuentroinformativo.com.mx\/index.php?rest_route=\/wp\/v2\/users\/2476"}],"replies":[{"embeddable":true,"href":"https:\/\/encuentroinformativo.com.mx\/index.php?rest_route=%2Fwp%2Fv2%2Fcomments&post=43182"}],"version-history":[{"count":1,"href":"https:\/\/encuentroinformativo.com.mx\/index.php?rest_route=\/wp\/v2\/posts\/43182\/revisions"}],"predecessor-version":[{"id":43183,"href":"https:\/\/encuentroinformativo.com.mx\/index.php?rest_route=\/wp\/v2\/posts\/43182\/revisions\/43183"}],"wp:featuredmedia":[{"embeddable":true,"href":"https:\/\/encuentroinformativo.com.mx\/index.php?rest_route=\/wp\/v2\/media\/488"}],"wp:attachment":[{"href":"https:\/\/encuentroinformativo.com.mx\/index.php?rest_route=%2Fwp%2Fv2%2Fmedia&parent=43182"}],"wp:term":[{"taxonomy":"category","embeddable":true,"href":"https:\/\/encuentroinformativo.com.mx\/index.php?rest_route=%2Fwp%2Fv2%2Fcategories&post=43182"},{"taxonomy":"post_tag","embeddable":true,"href":"https:\/\/encuentroinformativo.com.mx\/index.php?rest_route=%2Fwp%2Fv2%2Ftags&post=43182"}],"curies":[{"name":"wp","href":"https:\/\/api.w.org\/{rel}","templated":true}]}}