{"id":43184,"date":"2023-07-27T16:49:47","date_gmt":"2023-07-27T22:49:47","guid":{"rendered":"https:\/\/encuentroinformativo.com.mx\/?p=43184"},"modified":"2023-07-27T16:49:51","modified_gmt":"2023-07-27T22:49:51","slug":"acusan-ambientalistas-devastacion-en-coatepec","status":"publish","type":"post","link":"https:\/\/encuentroinformativo.com.mx\/?p=43184","title":{"rendered":"Acusan ambientalistas devastaci\u00f3n en Coatepec"},"content":{"rendered":"\n<p><strong>Juan Arcos <\/strong><\/p>\n\n\n\n<p>Coatepec, Ver.- Ambientalistas de Veracruz alertaron sobre una grave devastaci\u00f3n a la flora y fauna en el municipio de Coatepec por la construcci\u00f3n de la segunda etapa del libramiento.<\/p>\n\n\n\n<p>El integrante de La Asamblea Veracruzana de Iniciativas y Defensa Ambiental (Lavida), Guillermo Rodr\u00edguez Curiel, declar\u00f3 que en la regi\u00f3n capital son constantes los atentados contra el entorno ecol\u00f3gico por la realizaci\u00f3n de obras por parte de los gobiernos.<\/p>\n\n\n\n<p>Detall\u00f3 que, aunado a la tala de \u00e1rboles en la avenida L\u00e1zaro C\u00e1rdenas de Xalapa para construir un puente, pretenden devastar 15 hect\u00e1reas de zona agr\u00edcola en Coatepec, donde hay dos arroyos importantes.<\/p>\n\n\n\n<p>Enfatiz\u00f3 que ser\u00e1n destruidos m\u00e1s de mil 200 \u00e1rboles y el h\u00e1bitat de anfibios, aves e insectos, as\u00ed como tambi\u00e9n, algunos tipos de orqu\u00eddeas, helechos y otras especies.<\/p>\n\n\n\n<p>\u201cLo que esto va a provocar el famoso libramiento es que se incremente m\u00e1s el calor en la zona y no hay forma de decirle al gobierno estatal y a los gobiernos municipales que dejen es paz a la naturaleza\u201d.<\/p>\n\n\n\n<p>Rodr\u00edguez Curiel exigi\u00f3 al gobierno estatal y a los ayuntamientos que detengan la devastaci\u00f3n ambiental en la regi\u00f3n capital del estado de Veracruz.<\/p>\n\n\n\n<p>&#8220;Si contin\u00faan destruy\u00e9ndola (la naturaleza) veremos pronto las calores, veremos pronto que faltar\u00e1 m\u00e1s agua, veremos pronto que el calentamiento global ser\u00e1 mayor y estaremos expuestos a un sin fin de enfermedades. Este libramiento no tiene l\u00f3gica\u201d.<\/p>\n\n\n\n<p>El activista record\u00f3 que es muy elevado el costo de la construcci\u00f3n de la segunda etapa del libramiento de Coatepec y ocasionar\u00e1 un grave impacto ambiental en la zona.<\/p>\n\n\n\n<p>La segunda etapa de este libramiento conectar\u00eda m\u00e1s r\u00e1pido con los municipios de Ayahualulco, Cosautl\u00e1n, Ixhuac\u00e1n de los Reyes, Teocelo y Xico, cuya inversi\u00f3n supera los 249 millones de pesos.<\/p>\n\n\n\n<p>El proyecto contempla 3.5 kil\u00f3metros de pavimento asf\u00e1ltico, drenaje, cuatro puentes con sus accesos y dos entronques. Se espera que reduzca la congesti\u00f3n vial en el centro de Coatepec.<\/p>\n","protected":false},"excerpt":{"rendered":"<p>Juan Arcos Coatepec, Ver.- Ambientalistas de Veracruz alertaron sobre una grave devastaci\u00f3n a la flora y fauna en el municipio de Coatepec por la construcci\u00f3n de la segunda etapa del libramiento. El integrante de La Asamblea Veracruzana de Iniciativas y Defensa Ambiental (Lavida), Guillermo Rodr\u00edguez Curiel, declar\u00f3 que en la regi\u00f3n capital son constantes los [&hellip;]<\/p>\n","protected":false},"author":2476,"featured_media":43185,"comment_status":"open","ping_status":"open","sticky":false,"template":"","format":"standard","meta":{"_jetpack_memberships_contains_paid_content":false,"footnotes":""},"categories":[8],"tags":[],"class_list":["post-43184","post","type-post","status-publish","format-standard","has-post-thumbnail","hentry","category-region"],"jetpack_featured_media_url":"https:\/\/encuentroinformativo.com.mx\/wp-content\/uploads\/2023\/07\/fb7edde4-6e57-4161-ad91-978be81f7a72.jpg","jetpack_sharing_enabled":true,"jetpack_likes_enabled":true,"amp_enabled":true,"_links":{"self":[{"href":"https:\/\/encuentroinformativo.com.mx\/index.php?rest_route=\/wp\/v2\/posts\/43184","targetHints":{"allow":["GET"]}}],"collection":[{"href":"https:\/\/encuentroinformativo.com.mx\/index.php?rest_route=\/wp\/v2\/posts"}],"about":[{"href":"https:\/\/encuentroinformativo.com.mx\/index.php?rest_route=\/wp\/v2\/types\/post"}],"author":[{"embeddable":true,"href":"https:\/\/encuentroinformativo.com.mx\/index.php?rest_route=\/wp\/v2\/users\/2476"}],"replies":[{"embeddable":true,"href":"https:\/\/encuentroinformativo.com.mx\/index.php?rest_route=%2Fwp%2Fv2%2Fcomments&post=43184"}],"version-history":[{"count":1,"href":"https:\/\/encuentroinformativo.com.mx\/index.php?rest_route=\/wp\/v2\/posts\/43184\/revisions"}],"predecessor-version":[{"id":43186,"href":"https:\/\/encuentroinformativo.com.mx\/index.php?rest_route=\/wp\/v2\/posts\/43184\/revisions\/43186"}],"wp:featuredmedia":[{"embeddable":true,"href":"https:\/\/encuentroinformativo.com.mx\/index.php?rest_route=\/wp\/v2\/media\/43185"}],"wp:attachment":[{"href":"https:\/\/encuentroinformativo.com.mx\/index.php?rest_route=%2Fwp%2Fv2%2Fmedia&parent=43184"}],"wp:term":[{"taxonomy":"category","embeddable":true,"href":"https:\/\/encuentroinformativo.com.mx\/index.php?rest_route=%2Fwp%2Fv2%2Fcategories&post=43184"},{"taxonomy":"post_tag","embeddable":true,"href":"https:\/\/encuentroinformativo.com.mx\/index.php?rest_route=%2Fwp%2Fv2%2Ftags&post=43184"}],"curies":[{"name":"wp","href":"https:\/\/api.w.org\/{rel}","templated":true}]}}