{"id":4321,"date":"2020-07-22T18:43:08","date_gmt":"2020-07-22T23:43:08","guid":{"rendered":"https:\/\/encuentroinformativo.com\/?p=4321"},"modified":"2020-07-22T18:43:10","modified_gmt":"2020-07-22T23:43:10","slug":"sin-danos-por-sismo-en-misantla","status":"publish","type":"post","link":"https:\/\/encuentroinformativo.com.mx\/?p=4321","title":{"rendered":"Sin da\u00f1os por sismo en Misantla"},"content":{"rendered":"\n<p><strong>Juan Arcos <\/strong><\/p>\n\n\n\n<p>Xalapa, Ver.- Autoridades municipales y estatales no reportaron da\u00f1os por el sismo que se registr\u00f3 la ma\u00f1ana de este mi\u00e9rcoles el este del municipio de Misantla.<\/p>\n\n\n\n<p>Se trat\u00f3 de un temblor de 4.1 grados en la escala de Richter, detectado en la regi\u00f3n monta\u00f1osa de la zona centro de la entidad veracruzana.<\/p>\n\n\n\n<p>El Servicio Sismol\u00f3gico Nacional de M\u00e9xico (SSN) public\u00f3 en su cuenta de Twitter que el fen\u00f3meno ocurri\u00f3 a las 9:25 horas de este 22 de julio, con una latitud de 19.90, longitud de -96.70 y profundidad de cuatro kil\u00f3metros.<\/p>\n\n\n\n<p>Cabe mencionar que una hora antes de este movimiento tel\u00farico, el SSN report\u00f3 a las 8:09 horas otro sismo de 4.0 grados al noreste de Crucecita, en Oaxaca, con una latitud de 16.03, longitud de -95.90 y profundidad de 51 kil\u00f3metros.<\/p>\n\n\n\n<p>Ambos movimientos ocurrieron a unas horas de que se registrara un terremoto de 7.8 grados con epicentro en las costas de Alaska y que mantiene a este lugar, perteneciente a Estados Unidos de Norteam\u00e9rica, en alerta por un posible tsunami.<\/p>\n\n\n\n<p>El terremoto de magnitud 7.8 grados se produjo el martes a las 23:12 horas, de acuerdo con el Servicio Geol\u00f3gico de Estados Unidos.<\/p>\n\n\n\n<p>Incluso, en redes sociales circulan videos de la manera en que huyeron los pobladores de Alaska por temor a graves inundaciones por la posibilidad de que se registraran olas peligrosas.<\/p>\n\n\n\n<p><\/p>\n","protected":false},"excerpt":{"rendered":"<p>Juan Arcos Xalapa, Ver.- Autoridades municipales y estatales no reportaron da\u00f1os por el sismo que se registr\u00f3 la ma\u00f1ana de este mi\u00e9rcoles el este del municipio de Misantla. Se trat\u00f3 de un temblor de 4.1 grados en la escala de Richter, detectado en la regi\u00f3n monta\u00f1osa de la zona centro de la entidad veracruzana. El [&hellip;]<\/p>\n","protected":false},"author":1,"featured_media":4322,"comment_status":"open","ping_status":"open","sticky":false,"template":"","format":"standard","meta":{"_jetpack_memberships_contains_paid_content":false,"footnotes":""},"categories":[2],"tags":[],"class_list":["post-4321","post","type-post","status-publish","format-standard","has-post-thumbnail","hentry","category-estado"],"jetpack_featured_media_url":"https:\/\/encuentroinformativo.com.mx\/wp-content\/uploads\/2020\/07\/FFD2D89E-9370-4EB4-B7B2-AD39D76C96AD.jpeg","jetpack_sharing_enabled":true,"jetpack_likes_enabled":true,"amp_enabled":true,"_links":{"self":[{"href":"https:\/\/encuentroinformativo.com.mx\/index.php?rest_route=\/wp\/v2\/posts\/4321","targetHints":{"allow":["GET"]}}],"collection":[{"href":"https:\/\/encuentroinformativo.com.mx\/index.php?rest_route=\/wp\/v2\/posts"}],"about":[{"href":"https:\/\/encuentroinformativo.com.mx\/index.php?rest_route=\/wp\/v2\/types\/post"}],"author":[{"embeddable":true,"href":"https:\/\/encuentroinformativo.com.mx\/index.php?rest_route=\/wp\/v2\/users\/1"}],"replies":[{"embeddable":true,"href":"https:\/\/encuentroinformativo.com.mx\/index.php?rest_route=%2Fwp%2Fv2%2Fcomments&post=4321"}],"version-history":[{"count":1,"href":"https:\/\/encuentroinformativo.com.mx\/index.php?rest_route=\/wp\/v2\/posts\/4321\/revisions"}],"predecessor-version":[{"id":4323,"href":"https:\/\/encuentroinformativo.com.mx\/index.php?rest_route=\/wp\/v2\/posts\/4321\/revisions\/4323"}],"wp:featuredmedia":[{"embeddable":true,"href":"https:\/\/encuentroinformativo.com.mx\/index.php?rest_route=\/wp\/v2\/media\/4322"}],"wp:attachment":[{"href":"https:\/\/encuentroinformativo.com.mx\/index.php?rest_route=%2Fwp%2Fv2%2Fmedia&parent=4321"}],"wp:term":[{"taxonomy":"category","embeddable":true,"href":"https:\/\/encuentroinformativo.com.mx\/index.php?rest_route=%2Fwp%2Fv2%2Fcategories&post=4321"},{"taxonomy":"post_tag","embeddable":true,"href":"https:\/\/encuentroinformativo.com.mx\/index.php?rest_route=%2Fwp%2Fv2%2Ftags&post=4321"}],"curies":[{"name":"wp","href":"https:\/\/api.w.org\/{rel}","templated":true}]}}