{"id":43210,"date":"2023-07-27T17:55:41","date_gmt":"2023-07-27T23:55:41","guid":{"rendered":"https:\/\/encuentroinformativo.com.mx\/?p=43210"},"modified":"2023-07-27T17:55:45","modified_gmt":"2023-07-27T23:55:45","slug":"integrantes-de-la-comunidad-lgbtiq-victimas-de-violencia-politica","status":"publish","type":"post","link":"https:\/\/encuentroinformativo.com.mx\/?p=43210","title":{"rendered":"Integrantes de la comunidad LGBTIQ v\u00edctimas de violencia pol\u00edtica"},"content":{"rendered":"\n<p><strong>Dar\u00edo Pale <\/strong><\/p>\n\n\n\n<p>Xalapa, Ver.- Veracruz ocupa el segundo lugar a nivel nacional en n\u00famero de registros de casos de violencia pol\u00edtica en raz\u00f3n de g\u00e9nero.<\/p>\n\n\n\n<p>Asociaciones civiles de la comunidad diversa se\u00f1alan que este sector de la poblaci\u00f3n ha sido uno de los m\u00e1s vulnerables en dicha materia.<\/p>\n\n\n\n<p>Tamara Viveros P\u00e9rez, de la organizaci\u00f3n Manos en Rosa, detall\u00f3 que su experiencia personal ha sido desgastante y ha logrado escalar en busca de espacios.<\/p>\n\n\n\n<p>&#8220;Pero desafortunadamente seguimos siendo utilizadas en estos espacios solamente para cubrir ciertos cuotas, por decir as\u00ed\u201d, expres\u00f3 la defensora de los derechos de la comunidad diversa.<\/p>\n\n\n\n<p>Ante este panorama, el Instituto Veracruzano para la Filantrop\u00eda invit\u00f3 este 27 y 28 de julio a participar en los talleres de profesionalizaci\u00f3n de las organizaciones de la sociedad civil del estado de Veracruz en materia de dicha violencia pol\u00edtica en raz\u00f3n de g\u00e9nero, con especial enfasis en la poblaci\u00f3n diversa.<\/p>\n\n\n\n<p>Los talleres se realizar\u00edan en el Casino Xalape\u00f1o, ubicado sobre la calle Guti\u00e9rrez Zamora, en la zona centro de esta ciudad de Xalapa.<\/p>\n\n\n\n<p>\u201cLas personas LGBTIQ+ somos mucho m\u00e1s que una cuota. No m\u00e1s palabras que matan sue\u00f1os\u201d, enfatizaron.<\/p>\n\n\n\n<p>Hace unos d\u00edas, integrantes de la comunidad diversa protestaron afuera de la Fiscal\u00eda General del Estado (FGE) y bloquearon la avenida Arco Sur, en la ciudad de Xalapa, para exigir justicia y que cesen los cr\u00edmenes de odio por homofobia.<\/p>\n\n\n\n<p>Los quejosos reclamaron a las autoridades avances en las investigaciones por los 15 casos registrados en lo que va de este a\u00f1o en el estado de Veracruz. Se habla de que van m\u00e1s de 200 cr\u00edmenes de odio en Veracruz durante los \u00faltimos tres a\u00f1os.<\/p>\n","protected":false},"excerpt":{"rendered":"<p>Dar\u00edo Pale Xalapa, Ver.- Veracruz ocupa el segundo lugar a nivel nacional en n\u00famero de registros de casos de violencia pol\u00edtica en raz\u00f3n de g\u00e9nero. Asociaciones civiles de la comunidad diversa se\u00f1alan que este sector de la poblaci\u00f3n ha sido uno de los m\u00e1s vulnerables en dicha materia. Tamara Viveros P\u00e9rez, de la organizaci\u00f3n Manos [&hellip;]<\/p>\n","protected":false},"author":2476,"featured_media":15697,"comment_status":"open","ping_status":"open","sticky":false,"template":"","format":"standard","meta":{"_jetpack_memberships_contains_paid_content":false,"footnotes":""},"categories":[2],"tags":[],"class_list":["post-43210","post","type-post","status-publish","format-standard","has-post-thumbnail","hentry","category-estado"],"jetpack_featured_media_url":"https:\/\/encuentroinformativo.com.mx\/wp-content\/uploads\/2021\/06\/ADAA580D-3F95-452C-8010-0117A031CE91.jpeg","jetpack_sharing_enabled":true,"jetpack_likes_enabled":true,"amp_enabled":true,"_links":{"self":[{"href":"https:\/\/encuentroinformativo.com.mx\/index.php?rest_route=\/wp\/v2\/posts\/43210","targetHints":{"allow":["GET"]}}],"collection":[{"href":"https:\/\/encuentroinformativo.com.mx\/index.php?rest_route=\/wp\/v2\/posts"}],"about":[{"href":"https:\/\/encuentroinformativo.com.mx\/index.php?rest_route=\/wp\/v2\/types\/post"}],"author":[{"embeddable":true,"href":"https:\/\/encuentroinformativo.com.mx\/index.php?rest_route=\/wp\/v2\/users\/2476"}],"replies":[{"embeddable":true,"href":"https:\/\/encuentroinformativo.com.mx\/index.php?rest_route=%2Fwp%2Fv2%2Fcomments&post=43210"}],"version-history":[{"count":1,"href":"https:\/\/encuentroinformativo.com.mx\/index.php?rest_route=\/wp\/v2\/posts\/43210\/revisions"}],"predecessor-version":[{"id":43211,"href":"https:\/\/encuentroinformativo.com.mx\/index.php?rest_route=\/wp\/v2\/posts\/43210\/revisions\/43211"}],"wp:featuredmedia":[{"embeddable":true,"href":"https:\/\/encuentroinformativo.com.mx\/index.php?rest_route=\/wp\/v2\/media\/15697"}],"wp:attachment":[{"href":"https:\/\/encuentroinformativo.com.mx\/index.php?rest_route=%2Fwp%2Fv2%2Fmedia&parent=43210"}],"wp:term":[{"taxonomy":"category","embeddable":true,"href":"https:\/\/encuentroinformativo.com.mx\/index.php?rest_route=%2Fwp%2Fv2%2Fcategories&post=43210"},{"taxonomy":"post_tag","embeddable":true,"href":"https:\/\/encuentroinformativo.com.mx\/index.php?rest_route=%2Fwp%2Fv2%2Ftags&post=43210"}],"curies":[{"name":"wp","href":"https:\/\/api.w.org\/{rel}","templated":true}]}}