{"id":43226,"date":"2023-07-28T10:01:25","date_gmt":"2023-07-28T16:01:25","guid":{"rendered":"https:\/\/encuentroinformativo.com.mx\/?p=43226"},"modified":"2023-07-28T11:02:39","modified_gmt":"2023-07-28T17:02:39","slug":"vigilaremos-que-sesion-de-cabildo-de-medellin-no-sea-simulacion-angelica-navarrete","status":"publish","type":"post","link":"https:\/\/encuentroinformativo.com.mx\/?p=43226","title":{"rendered":"Vigilaremos que sesi\u00f3n de Cabildo de Medell\u00edn no sea simulaci\u00f3n: Ang\u00e9lica Navarrete"},"content":{"rendered":"\n<p><strong>Alejandro \u00c1vila<\/strong><\/p>\n\n\n\n<p>Medell\u00edn de Bravo, Ver.- La l\u00edder del sindicato de ex trabajadores del SAS, Ang\u00e9lica Navarrete Mendoza, mencion\u00f3 que tratar\u00e1n de estar presentes en la sesi\u00f3n de Cabildo del municipio de Medell\u00edn de Bravo, programada para las 12 del d\u00eda de este viernes, donde presuntamente, el Ayuntamiento se deslindar\u00e1 de la empresa privada, Grupo MAS.<\/p>\n\n\n\n<p>&#8220;Nosotros no queremos simulaciones&nbsp; nosotros no queremos que solamente por presi\u00f3n el alcalde tome decisiones nada m\u00e1s a la ligera, esto es serio, no se trata nada m\u00e1s de los trabajadores, se trata de la afectaci\u00f3n a la ciudadan\u00eda de los tres municipios, Veracruz, Boca del R\u00edo y Medell\u00edn, est\u00e1n jugando con la salud de la gente, con el medio ambiente, cero infraestructura como prometi\u00f3 el Grupo MAS&#8221;, expres\u00f3.<\/p>\n\n\n\n<p>La noche de este jueves, las personas que integran el plant\u00f3n afuera del Palacio Municipal de Medell\u00edn y que se encontraban a 50 metros de la entrada, se acercaron a solo un metro de la puerta como medida de presi\u00f3n para el alcalde, Marcos Isle\u00f1o.<\/p>\n\n\n\n<p>La dirigente de los ex trabajadores aclar\u00f3 que el Palacio Municipal no se encuentra tomado e incluso, la ma\u00f1ana de este viernes todos los empleados pudieron ingresar sin ning\u00fan problema a sus \u00e1reas de trabajo; adem\u00e1s, agreg\u00f3 que esta medida la tomaron debido a las recientes declaraciones del presidente municipal, quien asegur\u00f3 que los ex trabajadores ten\u00edan las puertas abiertas para el di\u00e1logo.<\/p>\n\n\n\n<p>&#8220;Vamos a estar aqu\u00ed hasta que pasee la sesi\u00f3n de Cabildo, y hasta que d\u00e9 los resultados de como es que va a pedir la solicitud de la desincorporaci\u00f3n del Ayuntamiento a Grupo MAS, y que lo haga bien, porque si no lo hace correcto, si no lo hace como debe de ser, nosotros no nos vamos a quitar de aqu\u00ed&#8221;, asest\u00f3.<\/p>\n","protected":false},"excerpt":{"rendered":"<p>Alejandro \u00c1vila Medell\u00edn de Bravo, Ver.- La l\u00edder del sindicato de ex trabajadores del SAS, Ang\u00e9lica Navarrete Mendoza, mencion\u00f3 que tratar\u00e1n de estar presentes en la sesi\u00f3n de Cabildo del municipio de Medell\u00edn de Bravo, programada para las 12 del d\u00eda de este viernes, donde presuntamente, el Ayuntamiento se deslindar\u00e1 de la empresa privada, Grupo [&hellip;]<\/p>\n","protected":false},"author":2476,"featured_media":43227,"comment_status":"open","ping_status":"open","sticky":false,"template":"","format":"standard","meta":{"_jetpack_memberships_contains_paid_content":false,"footnotes":""},"categories":[2],"tags":[],"class_list":["post-43226","post","type-post","status-publish","format-standard","has-post-thumbnail","hentry","category-estado"],"jetpack_featured_media_url":"https:\/\/encuentroinformativo.com.mx\/wp-content\/uploads\/2023\/07\/IMG-20230728-WA00062.jpg","jetpack_sharing_enabled":true,"jetpack_likes_enabled":true,"amp_enabled":true,"_links":{"self":[{"href":"https:\/\/encuentroinformativo.com.mx\/index.php?rest_route=\/wp\/v2\/posts\/43226","targetHints":{"allow":["GET"]}}],"collection":[{"href":"https:\/\/encuentroinformativo.com.mx\/index.php?rest_route=\/wp\/v2\/posts"}],"about":[{"href":"https:\/\/encuentroinformativo.com.mx\/index.php?rest_route=\/wp\/v2\/types\/post"}],"author":[{"embeddable":true,"href":"https:\/\/encuentroinformativo.com.mx\/index.php?rest_route=\/wp\/v2\/users\/2476"}],"replies":[{"embeddable":true,"href":"https:\/\/encuentroinformativo.com.mx\/index.php?rest_route=%2Fwp%2Fv2%2Fcomments&post=43226"}],"version-history":[{"count":1,"href":"https:\/\/encuentroinformativo.com.mx\/index.php?rest_route=\/wp\/v2\/posts\/43226\/revisions"}],"predecessor-version":[{"id":43228,"href":"https:\/\/encuentroinformativo.com.mx\/index.php?rest_route=\/wp\/v2\/posts\/43226\/revisions\/43228"}],"wp:featuredmedia":[{"embeddable":true,"href":"https:\/\/encuentroinformativo.com.mx\/index.php?rest_route=\/wp\/v2\/media\/43227"}],"wp:attachment":[{"href":"https:\/\/encuentroinformativo.com.mx\/index.php?rest_route=%2Fwp%2Fv2%2Fmedia&parent=43226"}],"wp:term":[{"taxonomy":"category","embeddable":true,"href":"https:\/\/encuentroinformativo.com.mx\/index.php?rest_route=%2Fwp%2Fv2%2Fcategories&post=43226"},{"taxonomy":"post_tag","embeddable":true,"href":"https:\/\/encuentroinformativo.com.mx\/index.php?rest_route=%2Fwp%2Fv2%2Ftags&post=43226"}],"curies":[{"name":"wp","href":"https:\/\/api.w.org\/{rel}","templated":true}]}}