{"id":43237,"date":"2023-07-28T12:50:01","date_gmt":"2023-07-28T18:50:01","guid":{"rendered":"https:\/\/encuentroinformativo.com.mx\/?p=43237"},"modified":"2023-07-28T12:50:05","modified_gmt":"2023-07-28T18:50:05","slug":"detienen-a-tres-implicados-por-homicidio-de-zayma-zamora-gobernador","status":"publish","type":"post","link":"https:\/\/encuentroinformativo.com.mx\/?p=43237","title":{"rendered":"Detienen a tres implicados por homicidio de Zayma Zamora: Gobernador"},"content":{"rendered":"\n<p>Xalapa, Ver.- Hay tres detenidos que estar\u00edan implicados en el homicidio de la excandidata de Poza Rica, Zayma Zoraya Zamora Garc\u00eda, inform\u00f3 el gobernador Cuitl\u00e1huac Garc\u00eda Jim\u00e9nez.<\/p>\n\n\n\n<p>En entrevista, explic\u00f3 que las investigaciones siguen su curso, no obstante, podr\u00eda haber informaci\u00f3n que confirme que el hecho se desarroll\u00f3 en un contexto en el que hay una disputa entre dos grupos delincuenciales de la zona norte de la entidad.<\/p>\n\n\n\n<p>\u201cComo lo hab\u00edamos dicho se va a aclarar, vamos a dar con los responsables, ellos podr\u00edan ser copart\u00edcipes, c\u00f3mplices, sin embargo, eso se aclarar\u00e1 conforme avancen las investigaciones y estaremos al tanto\u201d, enfatiz\u00f3.<\/p>\n\n\n\n<p>En ese sentido, cuestionado sobre el hallazgo de los restos de una v\u00edctima que supuestamente tendr\u00eda relaci\u00f3n con el caso de Zamora Garc\u00eda, destac\u00f3 que a\u00fan no se puede negar o aceptar dicho v\u00ednculo, pero que la Fiscal\u00eda General del Estado ya est\u00e1 haciendo la investigaci\u00f3n correspondiente.<\/p>\n\n\n\n<p>\u201cHay otra v\u00edctima, pero se est\u00e1 indagando apenas sobre qui\u00e9n es y c\u00f3mo est\u00e1 en el entorno que ya expliqu\u00e9, es una sola v\u00edctima y se est\u00e1 indagando, la Fiscal\u00eda tiene algunos datos, entonces se va a aclarar\u201d, apunt\u00f3.<\/p>\n\n\n\n<p>Cabe mencionar que recientemente el mandatario hab\u00eda detallado que exist\u00eda una sola l\u00ednea de investigaci\u00f3n sobre el homicidio ocurrido el pasado martes cuando la v\u00edctima transitaba sobre el bulevar L\u00e1zaro C\u00e1rdenas de la ciudad y que \u00e9sta ten\u00eda que ver el enfrentamiento entre polic\u00edas y manifestantes que se dio el pasado 14 de julio frente a la Secretar\u00eda de Seguridad P\u00fablica.<\/p>\n","protected":false},"excerpt":{"rendered":"<p>Xalapa, Ver.- Hay tres detenidos que estar\u00edan implicados en el homicidio de la excandidata de Poza Rica, Zayma Zoraya Zamora Garc\u00eda, inform\u00f3 el gobernador Cuitl\u00e1huac Garc\u00eda Jim\u00e9nez. En entrevista, explic\u00f3 que las investigaciones siguen su curso, no obstante, podr\u00eda haber informaci\u00f3n que confirme que el hecho se desarroll\u00f3 en un contexto en el que hay [&hellip;]<\/p>\n","protected":false},"author":2476,"featured_media":43238,"comment_status":"open","ping_status":"open","sticky":false,"template":"","format":"standard","meta":{"_jetpack_memberships_contains_paid_content":false,"footnotes":""},"categories":[2],"tags":[],"class_list":["post-43237","post","type-post","status-publish","format-standard","has-post-thumbnail","hentry","category-estado"],"jetpack_featured_media_url":"https:\/\/encuentroinformativo.com.mx\/wp-content\/uploads\/2023\/07\/IMG-20230728-WA00212.jpg","jetpack_sharing_enabled":true,"jetpack_likes_enabled":true,"amp_enabled":true,"_links":{"self":[{"href":"https:\/\/encuentroinformativo.com.mx\/index.php?rest_route=\/wp\/v2\/posts\/43237","targetHints":{"allow":["GET"]}}],"collection":[{"href":"https:\/\/encuentroinformativo.com.mx\/index.php?rest_route=\/wp\/v2\/posts"}],"about":[{"href":"https:\/\/encuentroinformativo.com.mx\/index.php?rest_route=\/wp\/v2\/types\/post"}],"author":[{"embeddable":true,"href":"https:\/\/encuentroinformativo.com.mx\/index.php?rest_route=\/wp\/v2\/users\/2476"}],"replies":[{"embeddable":true,"href":"https:\/\/encuentroinformativo.com.mx\/index.php?rest_route=%2Fwp%2Fv2%2Fcomments&post=43237"}],"version-history":[{"count":1,"href":"https:\/\/encuentroinformativo.com.mx\/index.php?rest_route=\/wp\/v2\/posts\/43237\/revisions"}],"predecessor-version":[{"id":43239,"href":"https:\/\/encuentroinformativo.com.mx\/index.php?rest_route=\/wp\/v2\/posts\/43237\/revisions\/43239"}],"wp:featuredmedia":[{"embeddable":true,"href":"https:\/\/encuentroinformativo.com.mx\/index.php?rest_route=\/wp\/v2\/media\/43238"}],"wp:attachment":[{"href":"https:\/\/encuentroinformativo.com.mx\/index.php?rest_route=%2Fwp%2Fv2%2Fmedia&parent=43237"}],"wp:term":[{"taxonomy":"category","embeddable":true,"href":"https:\/\/encuentroinformativo.com.mx\/index.php?rest_route=%2Fwp%2Fv2%2Fcategories&post=43237"},{"taxonomy":"post_tag","embeddable":true,"href":"https:\/\/encuentroinformativo.com.mx\/index.php?rest_route=%2Fwp%2Fv2%2Ftags&post=43237"}],"curies":[{"name":"wp","href":"https:\/\/api.w.org\/{rel}","templated":true}]}}