{"id":43243,"date":"2023-07-28T15:35:05","date_gmt":"2023-07-28T21:35:05","guid":{"rendered":"https:\/\/encuentroinformativo.com.mx\/?p=43243"},"modified":"2023-07-28T15:35:09","modified_gmt":"2023-07-28T21:35:09","slug":"ayuntamiento-de-medellin-se-deslinda-de-grupo-mas","status":"publish","type":"post","link":"https:\/\/encuentroinformativo.com.mx\/?p=43243","title":{"rendered":"Ayuntamiento de Medell\u00edn se deslinda de Grupo MAS"},"content":{"rendered":"\n<p><strong>Alejandro \u00c1vila<\/strong><\/p>\n\n\n\n<p>Medell\u00edn de Bravo, Ver.- El Ayuntamiento de Medell\u00edn inici\u00f3 con el proceso legal para deslindarse de la empresa privada, Grupo MAS, inform\u00f3 en rueda de prensa el alcalde, Marcos Isle\u00f1o Andrade.<\/p>\n\n\n\n<p>El municipio sostuvo que, de forma jur\u00eddica, primero ten\u00eda que ser aprobado por el Cabildo, situaci\u00f3n que se dio la tarde de este viernes; posteriormente, tendr\u00e1n que negociar con el Ayuntamiento de Veracruz y con la propia empresa, Grupo MAS, acci\u00f3n que podr\u00eda durar algunos meses.<\/p>\n\n\n\n<p>Marcos Isle\u00f1o dijo a los medios de comunicaci\u00f3n que, una vez desvinculados formalmente de Grupo MAS, se crear\u00eda la Comisi\u00f3n Municipal del Agua, ente que ser\u00eda responsable de la administraci\u00f3n, rehabilitaci\u00f3n hidr\u00e1ulica y suministro de agua potable a los medellinenses.<\/p>\n\n\n\n<p>&#8220;Aqu\u00ed el punto es la renta que le tendr\u00edan que pagar a Medell\u00edn por el uso del agua que est\u00e1 aqu\u00ed en nuestro municipio, de ah\u00ed va a salir ese dinero, de ah\u00ed y de que obviamente aumentemos la renta que hoy es risoria, son 160 mil pesos mensuales, la aumentar\u00edamos a un 70 por ciento m\u00e1s para que pueda darse en buenos t\u00e9rminos&#8221;, expres\u00f3 el edil morenista.<\/p>\n\n\n\n<p>Finalmente, Marcos Isle\u00f1o dijo que se espera concretar la Comisi\u00f3n Municipal de Agua antes de que concluya el 2023; y mencion\u00f3 que el Ayuntamiento a su cargo no tiene obligaci\u00f3n de pagar una indemnizaci\u00f3n a Grupo MAS, debido a que la empresa privada incumpli\u00f3 con varios puntos pre establecidos en contrato con el municipio de Medell\u00edn, entre ellos, la infraestructura hidr\u00e1ulica.<\/p>\n\n\n\n<p>&#8220;Tiene que seguir todo normal hasta que se crea formalmente la Comisi\u00f3n del Agua, hoy se dio el primer paso, pero se tiene que formar la Comisi\u00f3n y tambi\u00e9n el Congreso tendr\u00e1 que ver en ese punto&#8221;, remat\u00f3.<\/p>\n","protected":false},"excerpt":{"rendered":"<p>Alejandro \u00c1vila Medell\u00edn de Bravo, Ver.- El Ayuntamiento de Medell\u00edn inici\u00f3 con el proceso legal para deslindarse de la empresa privada, Grupo MAS, inform\u00f3 en rueda de prensa el alcalde, Marcos Isle\u00f1o Andrade. El municipio sostuvo que, de forma jur\u00eddica, primero ten\u00eda que ser aprobado por el Cabildo, situaci\u00f3n que se dio la tarde de [&hellip;]<\/p>\n","protected":false},"author":2476,"featured_media":43244,"comment_status":"open","ping_status":"open","sticky":false,"template":"","format":"standard","meta":{"_jetpack_memberships_contains_paid_content":false,"footnotes":""},"categories":[2],"tags":[],"class_list":["post-43243","post","type-post","status-publish","format-standard","has-post-thumbnail","hentry","category-estado"],"jetpack_featured_media_url":"https:\/\/encuentroinformativo.com.mx\/wp-content\/uploads\/2023\/07\/IMG-20230728-WA0055.jpg","jetpack_sharing_enabled":true,"jetpack_likes_enabled":true,"amp_enabled":true,"_links":{"self":[{"href":"https:\/\/encuentroinformativo.com.mx\/index.php?rest_route=\/wp\/v2\/posts\/43243","targetHints":{"allow":["GET"]}}],"collection":[{"href":"https:\/\/encuentroinformativo.com.mx\/index.php?rest_route=\/wp\/v2\/posts"}],"about":[{"href":"https:\/\/encuentroinformativo.com.mx\/index.php?rest_route=\/wp\/v2\/types\/post"}],"author":[{"embeddable":true,"href":"https:\/\/encuentroinformativo.com.mx\/index.php?rest_route=\/wp\/v2\/users\/2476"}],"replies":[{"embeddable":true,"href":"https:\/\/encuentroinformativo.com.mx\/index.php?rest_route=%2Fwp%2Fv2%2Fcomments&post=43243"}],"version-history":[{"count":1,"href":"https:\/\/encuentroinformativo.com.mx\/index.php?rest_route=\/wp\/v2\/posts\/43243\/revisions"}],"predecessor-version":[{"id":43245,"href":"https:\/\/encuentroinformativo.com.mx\/index.php?rest_route=\/wp\/v2\/posts\/43243\/revisions\/43245"}],"wp:featuredmedia":[{"embeddable":true,"href":"https:\/\/encuentroinformativo.com.mx\/index.php?rest_route=\/wp\/v2\/media\/43244"}],"wp:attachment":[{"href":"https:\/\/encuentroinformativo.com.mx\/index.php?rest_route=%2Fwp%2Fv2%2Fmedia&parent=43243"}],"wp:term":[{"taxonomy":"category","embeddable":true,"href":"https:\/\/encuentroinformativo.com.mx\/index.php?rest_route=%2Fwp%2Fv2%2Fcategories&post=43243"},{"taxonomy":"post_tag","embeddable":true,"href":"https:\/\/encuentroinformativo.com.mx\/index.php?rest_route=%2Fwp%2Fv2%2Ftags&post=43243"}],"curies":[{"name":"wp","href":"https:\/\/api.w.org\/{rel}","templated":true}]}}