{"id":43249,"date":"2023-07-28T15:44:35","date_gmt":"2023-07-28T21:44:35","guid":{"rendered":"https:\/\/encuentroinformativo.com.mx\/?p=43249"},"modified":"2023-07-28T15:44:39","modified_gmt":"2023-07-28T21:44:39","slug":"acusan-a-cfe-de-suspender-servicio-en-comunidades","status":"publish","type":"post","link":"https:\/\/encuentroinformativo.com.mx\/?p=43249","title":{"rendered":"Acusan a CFE de suspender servicio en comunidades"},"content":{"rendered":"\n<p><strong>Juan Arcos <\/strong><\/p>\n\n\n\n<p>Xalapa, Ver.- Integrantes de la movimiento de resistencia civil \u201cLa leyenda de Chucho El Roto\u201d acusaron a empleados de la Comisi\u00f3n Federal de Electricidad (CFE) de \u201ccortar\u201d el servicio comunidades aleda\u00f1as a la planta nuclear Laguna Verde.<\/p>\n\n\n\n<p>As\u00ed lo denunci\u00f3 Jorge Morales Barradas, vocero de dicho movimiento, quien a\u00f1adi\u00f3 que est\u00e1 situaci\u00f3n es considerada como un acto de represi\u00f3n contra la organizaci\u00f3n que ha exigido por a\u00f1os tarifas de energ\u00eda el\u00e9ctrica \u201cjustas\u201d.<\/p>\n\n\n\n<p>En conferencia de prensa, realizada en el centro de la ciudad de Xalapa, mencion\u00f3 que la suspensi\u00f3n del servicio tambi\u00e9n ha afectado a pobladores que no pertenecen a la agrupaci\u00f3n.<\/p>\n\n\n\n<p>A\u00f1adi\u00f3 que los asesores de CFE amenazan con proceder legalmente contra integrantes de la organizaci\u00f3n por presuntamente negarse a pagar el servicio de energ\u00eda el\u00e9ctrica.<\/p>\n\n\n\n<p>\u201cNosotros estamos luchando por la reclasificaci\u00f3n tarifaria y esta reclasificaci\u00f3n est\u00e1 estipulada en la ley desde el a\u00f1o 2002, los hemos mencionado varias veces\u201d.<\/p>\n\n\n\n<p>Morales Barradas record\u00f3 que la semana pasada se reuni\u00f3 con representantes de CFE, donde algunos asesores del gerente general Divisi\u00f3n Oriente, Ferm\u00edn P\u00e9rez Vargas, amagan con denunciarlos penalmente.<\/p>\n\n\n\n<p>\u201cNos van a denunciar penalmente por qu\u00e9, por defender una causa social, por defender a la familia en estado de vulnerabilidad que tenemos en nuestra zona\u201d, cuestion\u00f3.<\/p>\n\n\n\n<p>El vocero a\u00f1adi\u00f3 que tambi\u00e9n podr\u00edan ser denunciados penalmente por externar con frecuencia que los 60 kil\u00f3metros del Plan de Emergencia Radiol\u00f3gico Externo (PERE) y las rutas de evacuaci\u00f3n est\u00e1n en p\u00e9simas condiciones. <\/p>\n","protected":false},"excerpt":{"rendered":"<p>Juan Arcos Xalapa, Ver.- Integrantes de la movimiento de resistencia civil \u201cLa leyenda de Chucho El Roto\u201d acusaron a empleados de la Comisi\u00f3n Federal de Electricidad (CFE) de \u201ccortar\u201d el servicio comunidades aleda\u00f1as a la planta nuclear Laguna Verde. As\u00ed lo denunci\u00f3 Jorge Morales Barradas, vocero de dicho movimiento, quien a\u00f1adi\u00f3 que est\u00e1 situaci\u00f3n es [&hellip;]<\/p>\n","protected":false},"author":2476,"featured_media":43250,"comment_status":"open","ping_status":"open","sticky":false,"template":"","format":"standard","meta":{"_jetpack_memberships_contains_paid_content":false,"footnotes":""},"categories":[8],"tags":[],"class_list":["post-43249","post","type-post","status-publish","format-standard","has-post-thumbnail","hentry","category-region"],"jetpack_featured_media_url":"https:\/\/encuentroinformativo.com.mx\/wp-content\/uploads\/2023\/07\/IMG_7517.jpg","jetpack_sharing_enabled":true,"jetpack_likes_enabled":true,"amp_enabled":true,"_links":{"self":[{"href":"https:\/\/encuentroinformativo.com.mx\/index.php?rest_route=\/wp\/v2\/posts\/43249","targetHints":{"allow":["GET"]}}],"collection":[{"href":"https:\/\/encuentroinformativo.com.mx\/index.php?rest_route=\/wp\/v2\/posts"}],"about":[{"href":"https:\/\/encuentroinformativo.com.mx\/index.php?rest_route=\/wp\/v2\/types\/post"}],"author":[{"embeddable":true,"href":"https:\/\/encuentroinformativo.com.mx\/index.php?rest_route=\/wp\/v2\/users\/2476"}],"replies":[{"embeddable":true,"href":"https:\/\/encuentroinformativo.com.mx\/index.php?rest_route=%2Fwp%2Fv2%2Fcomments&post=43249"}],"version-history":[{"count":1,"href":"https:\/\/encuentroinformativo.com.mx\/index.php?rest_route=\/wp\/v2\/posts\/43249\/revisions"}],"predecessor-version":[{"id":43251,"href":"https:\/\/encuentroinformativo.com.mx\/index.php?rest_route=\/wp\/v2\/posts\/43249\/revisions\/43251"}],"wp:featuredmedia":[{"embeddable":true,"href":"https:\/\/encuentroinformativo.com.mx\/index.php?rest_route=\/wp\/v2\/media\/43250"}],"wp:attachment":[{"href":"https:\/\/encuentroinformativo.com.mx\/index.php?rest_route=%2Fwp%2Fv2%2Fmedia&parent=43249"}],"wp:term":[{"taxonomy":"category","embeddable":true,"href":"https:\/\/encuentroinformativo.com.mx\/index.php?rest_route=%2Fwp%2Fv2%2Fcategories&post=43249"},{"taxonomy":"post_tag","embeddable":true,"href":"https:\/\/encuentroinformativo.com.mx\/index.php?rest_route=%2Fwp%2Fv2%2Ftags&post=43249"}],"curies":[{"name":"wp","href":"https:\/\/api.w.org\/{rel}","templated":true}]}}