{"id":43252,"date":"2023-07-28T15:58:12","date_gmt":"2023-07-28T21:58:12","guid":{"rendered":"https:\/\/encuentroinformativo.com.mx\/?p=43252"},"modified":"2023-07-28T15:58:16","modified_gmt":"2023-07-28T21:58:16","slug":"trasciende-renuncia-de-jueza-alma-sosa","status":"publish","type":"post","link":"https:\/\/encuentroinformativo.com.mx\/?p=43252","title":{"rendered":"Trasciende renuncia de jueza Alma Sosa"},"content":{"rendered":"\n<p><strong>Dar\u00edo Pale <\/strong><\/p>\n\n\n\n<p>Xalapa, Ver.- La jueza Alma Aleida Sosa quien ha sido vinculada por duartistas con el exgobernador Miguel \u00c1ngel Yunes Linares, trascendi\u00f3 desde el d\u00eda de ayer que present\u00f3 su renuncia al cargo.<\/p>\n\n\n\n<p>Cabe se\u00f1alar que el ex gobernador de Veracruz, Javier Duarte de Ochoa, actualmente preso en el reclusorio Norte de la Ciudad de M\u00e9xico, tuite\u00f3:<br>\u201cLa Juez Alma Aleida Sosa, quien se prest\u00f3 a todos los abusos e ilegalidades de #Yunes renunci\u00f3 a su cargo, actualmente se encuentra amparada para no ser detenida, tarde o temprano la #Justicia la va a alcanzar\u201d.<\/p>\n\n\n\n<p>Se dice que la jueza envi\u00f3 su renuncia al consejo de la judicatura con su firma certificada por un notario p\u00fablico para evitar regresar al TSJE, esto debido al presunto acoso que ha sufrido por parte del consejo de la judicatura.<\/p>\n\n\n\n<p>Lo anterior se debe a que Alma Aleida Sosa dict\u00f3 prisi\u00f3n preventiva contra varios ex colaboradores de Javier Duarte, estas detenciones se efectuaron durante el bienio que encabez\u00f3 Miguel \u00c1ngel Yunes Linares.<\/p>\n\n\n\n<p>La jueza Aleida Sosa es hija de Laurentino Sosa Capistr\u00e1n, quien como juez encarcel\u00f3 a Dante Delgado Rannauro, y a sus ex colaboradores Porfirio Serrano Amador y Gerardo Poo Ulibarri, durante el gobierno de Patricio Chirinos, y siendo en ese entonces secretario de Gobierno, Miguel \u00c1ngel Yunes Linares.<\/p>\n\n\n\n<p>Alma Aleida Sosa enfrenta varias acusaciones por presuntos abusos cuando fungi\u00f3 como jueza en contra de duartistas. Uno de los que la demand\u00f3 es Luis \u00c1ngel Bravo Contreras, ex Fiscal General del Estado, quien se\u00f1ala que su detenci\u00f3n fue indebida pues se llev\u00f3 a cabo pese a que el ex titular de la FGE contaba con un amparo.\u00a0<\/p>\n\n\n\n<p>Asimismo, en esa misma carpeta de investigaci\u00f3n fue denunciado Jaime T\u00e9llez Marie, ex secretario de Seguridad P\u00fablica.<\/p>\n\n\n\n<p>Es preciso se\u00f1alar que en el inicio del gobierno de Cuitl\u00e1huac Garc\u00eda, Alma Aleida Sosa fue cambiada de adscripci\u00f3n, pero la entonces jueza interpuso amparos por presuntamente violar sus derechos.<\/p>\n\n\n\n<p>En abril de este a\u00f1o, Alma Aleida Sosa fue cambiada a Tuxpan, lo que fue considerado por algunos analistas pol\u00edticos como un \u201ccastigo\u201d para la ahora ex jueza.<\/p>\n","protected":false},"excerpt":{"rendered":"<p>Dar\u00edo Pale Xalapa, Ver.- La jueza Alma Aleida Sosa quien ha sido vinculada por duartistas con el exgobernador Miguel \u00c1ngel Yunes Linares, trascendi\u00f3 desde el d\u00eda de ayer que present\u00f3 su renuncia al cargo. Cabe se\u00f1alar que el ex gobernador de Veracruz, Javier Duarte de Ochoa, actualmente preso en el reclusorio Norte de la Ciudad [&hellip;]<\/p>\n","protected":false},"author":2476,"featured_media":43254,"comment_status":"open","ping_status":"open","sticky":false,"template":"","format":"standard","meta":{"_jetpack_memberships_contains_paid_content":false,"footnotes":""},"categories":[2],"tags":[],"class_list":["post-43252","post","type-post","status-publish","format-standard","has-post-thumbnail","hentry","category-estado"],"jetpack_featured_media_url":"https:\/\/encuentroinformativo.com.mx\/wp-content\/uploads\/2023\/07\/IMG-20230728-WA0069.jpg","jetpack_sharing_enabled":true,"jetpack_likes_enabled":true,"amp_enabled":true,"_links":{"self":[{"href":"https:\/\/encuentroinformativo.com.mx\/index.php?rest_route=\/wp\/v2\/posts\/43252","targetHints":{"allow":["GET"]}}],"collection":[{"href":"https:\/\/encuentroinformativo.com.mx\/index.php?rest_route=\/wp\/v2\/posts"}],"about":[{"href":"https:\/\/encuentroinformativo.com.mx\/index.php?rest_route=\/wp\/v2\/types\/post"}],"author":[{"embeddable":true,"href":"https:\/\/encuentroinformativo.com.mx\/index.php?rest_route=\/wp\/v2\/users\/2476"}],"replies":[{"embeddable":true,"href":"https:\/\/encuentroinformativo.com.mx\/index.php?rest_route=%2Fwp%2Fv2%2Fcomments&post=43252"}],"version-history":[{"count":1,"href":"https:\/\/encuentroinformativo.com.mx\/index.php?rest_route=\/wp\/v2\/posts\/43252\/revisions"}],"predecessor-version":[{"id":43255,"href":"https:\/\/encuentroinformativo.com.mx\/index.php?rest_route=\/wp\/v2\/posts\/43252\/revisions\/43255"}],"wp:featuredmedia":[{"embeddable":true,"href":"https:\/\/encuentroinformativo.com.mx\/index.php?rest_route=\/wp\/v2\/media\/43254"}],"wp:attachment":[{"href":"https:\/\/encuentroinformativo.com.mx\/index.php?rest_route=%2Fwp%2Fv2%2Fmedia&parent=43252"}],"wp:term":[{"taxonomy":"category","embeddable":true,"href":"https:\/\/encuentroinformativo.com.mx\/index.php?rest_route=%2Fwp%2Fv2%2Fcategories&post=43252"},{"taxonomy":"post_tag","embeddable":true,"href":"https:\/\/encuentroinformativo.com.mx\/index.php?rest_route=%2Fwp%2Fv2%2Ftags&post=43252"}],"curies":[{"name":"wp","href":"https:\/\/api.w.org\/{rel}","templated":true}]}}