{"id":43256,"date":"2023-07-28T16:11:28","date_gmt":"2023-07-28T22:11:28","guid":{"rendered":"https:\/\/encuentroinformativo.com.mx\/?p=43256"},"modified":"2023-07-28T16:11:31","modified_gmt":"2023-07-28T22:11:31","slug":"no-se-derribaran-arboles-en-segunda-etapa-de-libramiento-de-coatepec-gobernador","status":"publish","type":"post","link":"https:\/\/encuentroinformativo.com.mx\/?p=43256","title":{"rendered":"No se derribar\u00e1n \u00e1rboles en segunda etapa de libramiento de Coatepec: Gobernador"},"content":{"rendered":"\n<p><strong>Dar\u00edo Pale <\/strong><\/p>\n\n\n\n<p>Xalapa, Ver.- La construcci\u00f3n de la segunda etapa del Libramiento de Coatepec pasara por ca\u00f1ales por lo que no se derribaran \u00e1rboles como lo se\u00f1ala LAVIDA, as\u00ed lo inform\u00f3 el gobernador Cuitlahuac Garc\u00eda Jim\u00e9nez.<\/p>\n\n\n\n<p>En conferencia de prensa neg\u00f3 que se est\u00e9n derribando \u00e1rboles para la construcci\u00f3n de la segunda etapa del Libramiento de Coatepec, ya que la zona es de ca\u00f1ales, por lo que desminti\u00f3 lo que integrantes de LAVIDA afirmaron hace algunos d\u00edas en el sentido de que para la segunda etapa de esa v\u00eda de comunicaci\u00f3n se derribar\u00e1n m\u00e1s de mil 200 \u00e1rboles.<\/p>\n\n\n\n<p>&#8220;Es falso, la verdad es que la gente de Coatepec nos lo solicita, yo pido que vayan y los entrevisten, que todos piden ese libramiento por el tr\u00e1fico enorme que hay&#8221;, se\u00f1al\u00f3.<\/p>\n\n\n\n<p>&#8220;All\u00e1 son ca\u00f1ales, ya esa parte estaba intervenida, son ca\u00f1ales incluso algunos abandonados, se cumplen todas las normativas, en un ca\u00f1al qu\u00e9 arbustos puedes tirar&#8221;, agreg\u00f3.<\/p>\n\n\n\n<p>Sin embargo, el integrante de La Asamblea Veracruzana de Iniciativas y Defensa Ambiental (Lavida), Guillermo Rodr\u00edguez Curiel, para la construcci\u00f3n del Libramiento se afectar\u00e1n 15 hect\u00e1reas de zona agr\u00edcola y estim\u00f3 que ser\u00e1n ser\u00e1n derribados mil 200 \u00e1rboles.\u00a0<\/p>\n\n\n\n<p>En otro orden de ideas, indic\u00f3 que en el caso de los amparos para la construcci\u00f3n del Paso Superior Vehicular de L\u00e1zaro C\u00e1rdenas, frente al Urban Center; en breve informar\u00e1n sobre el impacto ambiental de la obra.<\/p>\n\n\n\n<p>&#8220;Es importante que la sociedad sepa que es falso lo que algunos intentan argumentar, algunos poquitos intentan argumentar sobre un supuesto da\u00f1o ambiental&#8221;, se\u00f1al\u00f3.<\/p>\n\n\n\n<p>Expres\u00f3 que lo que realmente sucede es que quieren ignorar que por la avenida L\u00e1zaro C\u00e1rdenas hay un tr\u00e1nsito local de casi 80 mil unidades al d\u00eda.<\/p>\n\n\n\n<p>Dichos autos se tienen que parar porque hay sem\u00e1foros, por lo que las emisiones de carbono son enormes, de manera que la construcci\u00f3n del PSV evitar\u00eda que se detuvieran y por lo tanto, que las emisiones de CO2 bajaran totalmente.<\/p>\n\n\n\n<p>Finalmente dio a conocer que si se lograra la construcci\u00f3n del puente el tiempo de traslado desde la Sefiplan hasta la salida a Xalapa ser\u00eda de unos 15 a 20 minutos.<\/p>\n","protected":false},"excerpt":{"rendered":"<p>Dar\u00edo Pale Xalapa, Ver.- La construcci\u00f3n de la segunda etapa del Libramiento de Coatepec pasara por ca\u00f1ales por lo que no se derribaran \u00e1rboles como lo se\u00f1ala LAVIDA, as\u00ed lo inform\u00f3 el gobernador Cuitlahuac Garc\u00eda Jim\u00e9nez. En conferencia de prensa neg\u00f3 que se est\u00e9n derribando \u00e1rboles para la construcci\u00f3n de la segunda etapa del Libramiento [&hellip;]<\/p>\n","protected":false},"author":2476,"featured_media":43257,"comment_status":"open","ping_status":"open","sticky":false,"template":"","format":"standard","meta":{"_jetpack_memberships_contains_paid_content":false,"footnotes":""},"categories":[2],"tags":[],"class_list":["post-43256","post","type-post","status-publish","format-standard","has-post-thumbnail","hentry","category-estado"],"jetpack_featured_media_url":"https:\/\/encuentroinformativo.com.mx\/wp-content\/uploads\/2023\/07\/IMG-20230728-WA0050.jpg","jetpack_sharing_enabled":true,"jetpack_likes_enabled":true,"amp_enabled":true,"_links":{"self":[{"href":"https:\/\/encuentroinformativo.com.mx\/index.php?rest_route=\/wp\/v2\/posts\/43256","targetHints":{"allow":["GET"]}}],"collection":[{"href":"https:\/\/encuentroinformativo.com.mx\/index.php?rest_route=\/wp\/v2\/posts"}],"about":[{"href":"https:\/\/encuentroinformativo.com.mx\/index.php?rest_route=\/wp\/v2\/types\/post"}],"author":[{"embeddable":true,"href":"https:\/\/encuentroinformativo.com.mx\/index.php?rest_route=\/wp\/v2\/users\/2476"}],"replies":[{"embeddable":true,"href":"https:\/\/encuentroinformativo.com.mx\/index.php?rest_route=%2Fwp%2Fv2%2Fcomments&post=43256"}],"version-history":[{"count":1,"href":"https:\/\/encuentroinformativo.com.mx\/index.php?rest_route=\/wp\/v2\/posts\/43256\/revisions"}],"predecessor-version":[{"id":43258,"href":"https:\/\/encuentroinformativo.com.mx\/index.php?rest_route=\/wp\/v2\/posts\/43256\/revisions\/43258"}],"wp:featuredmedia":[{"embeddable":true,"href":"https:\/\/encuentroinformativo.com.mx\/index.php?rest_route=\/wp\/v2\/media\/43257"}],"wp:attachment":[{"href":"https:\/\/encuentroinformativo.com.mx\/index.php?rest_route=%2Fwp%2Fv2%2Fmedia&parent=43256"}],"wp:term":[{"taxonomy":"category","embeddable":true,"href":"https:\/\/encuentroinformativo.com.mx\/index.php?rest_route=%2Fwp%2Fv2%2Fcategories&post=43256"},{"taxonomy":"post_tag","embeddable":true,"href":"https:\/\/encuentroinformativo.com.mx\/index.php?rest_route=%2Fwp%2Fv2%2Ftags&post=43256"}],"curies":[{"name":"wp","href":"https:\/\/api.w.org\/{rel}","templated":true}]}}