{"id":4327,"date":"2020-07-23T12:22:16","date_gmt":"2020-07-23T17:22:16","guid":{"rendered":"https:\/\/encuentroinformativo.com\/?p=4327"},"modified":"2020-07-23T12:22:20","modified_gmt":"2020-07-23T17:22:20","slug":"ejecutan-2-policias-de-misantla-resguardaban-filtro-sanitario","status":"publish","type":"post","link":"https:\/\/encuentroinformativo.com.mx\/?p=4327","title":{"rendered":"Ejecutan 2 polic\u00edas de Misantla, resguardaban filtro sanitario"},"content":{"rendered":"\n<p><strong>Juan Arcos <\/strong><\/p>\n\n\n\n<p>Xalapa, Ver.- Dos polic\u00edas municipales de Misantla fueron ejecutados la ma\u00f1ana de este jueves 23 de julio.<\/p>\n\n\n\n<p>Se trata de Nah\u00fam Guzm\u00e1n Rivas y Pastor Garc\u00eda M\u00e9ndez, ambos elementos activos.\u00a0<br>Los hechos ocurrieron en el arco de bienvenida a dicha ciudad, ubicada en la regi\u00f3n monta\u00f1osa de la zona centro de Veracruz, a 81 kil\u00f3metros de Xalapa, la capital del estado.<\/p>\n\n\n\n<p>Los servidores p\u00fablicos se encontraban en el filtro de sanitizaci\u00f3n instalado en el acceso al municipio, cuando fueron atacados por uno o varios sujetos armados.<\/p>\n\n\n\n<p>Al lugar arribaron elementos de la Secretar\u00eda de Seguridad P\u00fablica (SSP) y del Ej\u00e9rcito Mexicano, para desplegar un amplio operativo en dicha localidad.<\/p>\n\n\n\n<p>La zona fue acordonada en espera de la presencia del personal de Servicios Periciales, del Servicio M\u00e9dico Forense (SEMEFO) y de la Polic\u00eda Ministerial, para realizar el levantamiento de los cuerpos e iniciar las investigaciones correspondientes.<\/p>\n\n\n\n<p>La carretera Xalapa-Misantla fue cerrada de manera temporal; sin embargo, el acceso a la ciudad por la colonia Para\u00edso 2000 contin\u00faa abierto.<\/p>\n\n\n\n<p>Misantla colinda con los municipios San Rafael, Nautla, Landero y Coss, Yecuatla, Altotonga, Tonay\u00e1n, Mart\u00ednez de la Torre y otras zonas del estado de Veracruz.<\/p>\n\n\n\n<p>Hasta el momento, ninguna autoridad se ha pronunciado sobre el ataque perpetrado contra los polic\u00edas municipales.<\/p>\n\n\n\n<p><\/p>\n","protected":false},"excerpt":{"rendered":"<p>Juan Arcos Xalapa, Ver.- Dos polic\u00edas municipales de Misantla fueron ejecutados la ma\u00f1ana de este jueves 23 de julio. Se trata de Nah\u00fam Guzm\u00e1n Rivas y Pastor Garc\u00eda M\u00e9ndez, ambos elementos activos.\u00a0Los hechos ocurrieron en el arco de bienvenida a dicha ciudad, ubicada en la regi\u00f3n monta\u00f1osa de la zona centro de Veracruz, a 81 [&hellip;]<\/p>\n","protected":false},"author":1,"featured_media":4328,"comment_status":"open","ping_status":"open","sticky":false,"template":"","format":"standard","meta":{"_jetpack_memberships_contains_paid_content":false,"footnotes":""},"categories":[14],"tags":[],"class_list":["post-4327","post","type-post","status-publish","format-standard","has-post-thumbnail","hentry","category-policiaca"],"jetpack_featured_media_url":"https:\/\/encuentroinformativo.com.mx\/wp-content\/uploads\/2020\/07\/298FF2FD-9FC3-4DFB-BB98-6BF4327FF348.jpeg","jetpack_sharing_enabled":true,"jetpack_likes_enabled":true,"amp_enabled":true,"_links":{"self":[{"href":"https:\/\/encuentroinformativo.com.mx\/index.php?rest_route=\/wp\/v2\/posts\/4327","targetHints":{"allow":["GET"]}}],"collection":[{"href":"https:\/\/encuentroinformativo.com.mx\/index.php?rest_route=\/wp\/v2\/posts"}],"about":[{"href":"https:\/\/encuentroinformativo.com.mx\/index.php?rest_route=\/wp\/v2\/types\/post"}],"author":[{"embeddable":true,"href":"https:\/\/encuentroinformativo.com.mx\/index.php?rest_route=\/wp\/v2\/users\/1"}],"replies":[{"embeddable":true,"href":"https:\/\/encuentroinformativo.com.mx\/index.php?rest_route=%2Fwp%2Fv2%2Fcomments&post=4327"}],"version-history":[{"count":1,"href":"https:\/\/encuentroinformativo.com.mx\/index.php?rest_route=\/wp\/v2\/posts\/4327\/revisions"}],"predecessor-version":[{"id":4329,"href":"https:\/\/encuentroinformativo.com.mx\/index.php?rest_route=\/wp\/v2\/posts\/4327\/revisions\/4329"}],"wp:featuredmedia":[{"embeddable":true,"href":"https:\/\/encuentroinformativo.com.mx\/index.php?rest_route=\/wp\/v2\/media\/4328"}],"wp:attachment":[{"href":"https:\/\/encuentroinformativo.com.mx\/index.php?rest_route=%2Fwp%2Fv2%2Fmedia&parent=4327"}],"wp:term":[{"taxonomy":"category","embeddable":true,"href":"https:\/\/encuentroinformativo.com.mx\/index.php?rest_route=%2Fwp%2Fv2%2Fcategories&post=4327"},{"taxonomy":"post_tag","embeddable":true,"href":"https:\/\/encuentroinformativo.com.mx\/index.php?rest_route=%2Fwp%2Fv2%2Ftags&post=4327"}],"curies":[{"name":"wp","href":"https:\/\/api.w.org\/{rel}","templated":true}]}}