{"id":43271,"date":"2023-07-29T15:57:17","date_gmt":"2023-07-29T21:57:17","guid":{"rendered":"https:\/\/encuentroinformativo.com.mx\/?p=43271"},"modified":"2023-07-29T15:57:21","modified_gmt":"2023-07-29T21:57:21","slug":"mujeres-eje-fundamental-beatriz-paredes","status":"publish","type":"post","link":"https:\/\/encuentroinformativo.com.mx\/?p=43271","title":{"rendered":"Mujeres eje fundamental: Beatriz Paredes"},"content":{"rendered":"\n<p><strong>Dar\u00edo Pale <\/strong><\/p>\n\n\n\n<p>Xalapa, Ver.- La senadora Beatriz Paredes Rangel dio a conocer que las mujeres est\u00e1n jugando un papel muy importante en todos los \u00e1mbitos de la vida ya que las mujeres mexicanas son el eje de la familia y lo que importa es la propuesta, el contenido y que realmente se aporten soluciones para M\u00e9xico y es momento de que haya una presidenta en el pa\u00eds.<\/p>\n\n\n\n<p>En entrevista se\u00f1al\u00f3, \u201cpienso que las mujeres est\u00e1n jugando un papel importante en todos los \u00e1mbitos de la vida, ustedes saben que las mujeres mexicanas son el eje de la familia; en las regiones donde hay migraci\u00f3n, las mujeres se quedan al frente de la casa, de la parcela, del peque\u00f1o negocio y no se rinden\u201d.<\/p>\n\n\n\n<p>Las mujeres mexicanas juegan un papel fundamental en el sector educativo con las maestras, en el sector salud, asegur\u00f3 que las mujer est\u00e1n en todas las actividades y est\u00e1 convencida de que es momento de que haya una presidenta en M\u00e9xico.<\/p>\n\n\n\n<p>Cuestionada sobre si existe piso parejo en la contienda electoral se\u00f1al\u00f3 que, para quienes representan el sector campesino la plataforma tecnol\u00f3gica a tenido sus dificultades, ya que en el campo no todos los campesinos tienen un celular inteligente o una computadora pero conf\u00eda en salir adelante.<\/p>\n\n\n\n<p>Estuvo en la capital veracruzana e indic\u00f3 que la intenci\u00f3n es mantener el di\u00e1logo con los priistas donde ratific\u00f3 su participaci\u00f3n para encabezar el Frente con las propuestas m\u00e1s convincentes y soluciones para los problemas sociales que aquejan al pa\u00eds.<\/p>\n\n\n\n<p>&#8220;Lo que importa es el contenido, lo que importa es la propuesta, lo que importa es que realmente aportemos soluciones para M\u00e9xico&#8221;, se\u00f1al\u00f3.<br>En cuanto a los comentarios del presidente de M\u00e9xico, Andr\u00e9s Manuel L\u00f3pez Obrador (AMLO) se\u00f1al\u00f3 que le agrada el tema electoral, por ello los pronunciamientos que ha lanzado contra el Frente Amplio por M\u00e9xico.<\/p>\n\n\n\n<p>&#8220;Me parece que si hubiera reelecci\u00f3n en este pa\u00eds, ya lo andar\u00edamos viendo ah\u00ed de candidato a la reelecci\u00f3n, por eso qu\u00e9 bueno que no hay reelecci\u00f3n, arriba Francisco I. Madero: sufragio efectivo no reelecci\u00f3n\u201d, coment\u00f3.<\/p>\n\n\n\n<p>El Frente Amplio por M\u00e9xico est\u00e1 integrado por los partidos como el Revolucionario Institucional (PRI), Acci\u00f3n Nacional (PAN) y de la Revoluci\u00f3n Democr\u00e1tica (PRD), estructura que qued\u00f3 formalizada el pasado mi\u00e9rcoles 26 de julio.<\/p>\n\n\n\n<p>Entre los planes del Frente es que tanto representantes de la sociedad civil como los dirigentes partidistas, se encarguen de convencer al 50 por ciento de ciudadanos veracruzanos que no votan, para que haya mayores oportunidades de triunfo.\u00a0<\/p>\n\n\n\n<p>Los comit\u00e9s del FAM estar\u00e1n integrados por tres figuras: una que represente a las organizaciones ciudadanas, otra que coordine en materia electoral y un representante por cada partido pol\u00edtico.<\/p>\n\n\n\n<p>Por \u00faltimo cabe recordar que adem\u00e1s de la senadora, Beatriz Paredes Rangel tambi\u00e9n participan la senadora X\u00f3chitl G\u00e1lvez Ruiz, el diputado Santiago Creel Miranda y el exsecretario de Turismo Enrique de la Madrid.<\/p>\n","protected":false},"excerpt":{"rendered":"<p>Dar\u00edo Pale Xalapa, Ver.- La senadora Beatriz Paredes Rangel dio a conocer que las mujeres est\u00e1n jugando un papel muy importante en todos los \u00e1mbitos de la vida ya que las mujeres mexicanas son el eje de la familia y lo que importa es la propuesta, el contenido y que realmente se aporten soluciones para [&hellip;]<\/p>\n","protected":false},"author":2476,"featured_media":43272,"comment_status":"open","ping_status":"open","sticky":false,"template":"","format":"standard","meta":{"_jetpack_memberships_contains_paid_content":false,"footnotes":""},"categories":[2],"tags":[],"class_list":["post-43271","post","type-post","status-publish","format-standard","has-post-thumbnail","hentry","category-estado"],"jetpack_featured_media_url":"https:\/\/encuentroinformativo.com.mx\/wp-content\/uploads\/2023\/07\/IMG-20230729-WA0034.jpg","jetpack_sharing_enabled":true,"jetpack_likes_enabled":true,"amp_enabled":true,"_links":{"self":[{"href":"https:\/\/encuentroinformativo.com.mx\/index.php?rest_route=\/wp\/v2\/posts\/43271","targetHints":{"allow":["GET"]}}],"collection":[{"href":"https:\/\/encuentroinformativo.com.mx\/index.php?rest_route=\/wp\/v2\/posts"}],"about":[{"href":"https:\/\/encuentroinformativo.com.mx\/index.php?rest_route=\/wp\/v2\/types\/post"}],"author":[{"embeddable":true,"href":"https:\/\/encuentroinformativo.com.mx\/index.php?rest_route=\/wp\/v2\/users\/2476"}],"replies":[{"embeddable":true,"href":"https:\/\/encuentroinformativo.com.mx\/index.php?rest_route=%2Fwp%2Fv2%2Fcomments&post=43271"}],"version-history":[{"count":1,"href":"https:\/\/encuentroinformativo.com.mx\/index.php?rest_route=\/wp\/v2\/posts\/43271\/revisions"}],"predecessor-version":[{"id":43273,"href":"https:\/\/encuentroinformativo.com.mx\/index.php?rest_route=\/wp\/v2\/posts\/43271\/revisions\/43273"}],"wp:featuredmedia":[{"embeddable":true,"href":"https:\/\/encuentroinformativo.com.mx\/index.php?rest_route=\/wp\/v2\/media\/43272"}],"wp:attachment":[{"href":"https:\/\/encuentroinformativo.com.mx\/index.php?rest_route=%2Fwp%2Fv2%2Fmedia&parent=43271"}],"wp:term":[{"taxonomy":"category","embeddable":true,"href":"https:\/\/encuentroinformativo.com.mx\/index.php?rest_route=%2Fwp%2Fv2%2Fcategories&post=43271"},{"taxonomy":"post_tag","embeddable":true,"href":"https:\/\/encuentroinformativo.com.mx\/index.php?rest_route=%2Fwp%2Fv2%2Ftags&post=43271"}],"curies":[{"name":"wp","href":"https:\/\/api.w.org\/{rel}","templated":true}]}}