{"id":43274,"date":"2023-07-29T16:10:44","date_gmt":"2023-07-29T22:10:44","guid":{"rendered":"https:\/\/encuentroinformativo.com.mx\/?p=43274"},"modified":"2023-07-29T16:10:47","modified_gmt":"2023-07-29T22:10:47","slug":"foro-de-expresion-del-pueblo-llega-a-minatitlan-gran-recibimiento-a-eleazar-guerrero-perez","status":"publish","type":"post","link":"https:\/\/encuentroinformativo.com.mx\/?p=43274","title":{"rendered":"Foro de Expresi\u00f3n del Pueblo llega a Minatitl\u00e1n; gran recibimiento a Eleazar Guerrero P\u00e9rez"},"content":{"rendered":"\n<p>Minatitl\u00e1n, Ver.- El Foro Expresi\u00f3n del Pueblo \u201cLa Cuarta Transformaci\u00f3n y hacia d\u00f3nde vamos\u201d que impulsa UNIDOS TODOS, lleg\u00f3 a esta ciudad con su mejor exponente, el maestro Eleazar Guerrero P\u00e9rez quien ofreci\u00f3 una magistral charla sobre la vida pol\u00edtica del estado y del pa\u00eds.<\/p>\n\n\n\n<p>Este foro es un espacio de an\u00e1lisis, para intercambiar puntos de vista sobre el proceso de Transformaci\u00f3n que vive M\u00e9xico. Un ejercicio ciudadano que frente a la embestida medi\u00e1tica, era de imperiosa necesidad su aparici\u00f3n, siendo la expresi\u00f3n ciudadana UNIDOS TODOS quien hizo suya esta tarea.<\/p>\n\n\n\n<p>Guerrero P\u00e9rez al hacer uso de la voz agradeci\u00f3 a las m\u00e1s de mil quinientas personas que asistieron al sal\u00f3n La Mansi\u00f3n y coment\u00f3 sobre las coincidencias con quienes le antecedieron: \u201caqu\u00ed escuchamos las palabras de j\u00f3venes, de personas dedicadas al campo, de personas con discapacidad, escuchamos a nuestros adultos mayores y todos coinciden ante algo que tenemos enfrente, tenemos que continuar la TRANSFORMACI\u00d3N\u201d.<\/p>\n\n\n\n<p>Dijo tambi\u00e9n que aquellos que se oponen a este proceso se oponen al pueblo: \u201cy no porque sea un gobierno de moda, si no es porque es un gobierno del pueblo. Y ya nos hac\u00eda falta que en Veracruz gobernara el pueblo, porque ya nos hac\u00eda falta que los recursos del pueblo se distribuyeran al pueblo. Por esos son los ataques de todos los d\u00edas\u201d.<\/p>\n\n\n\n<p>Y agreg\u00f3: \u201cimag\u00ednense que esos recursos que hoy se van a los hogares mexicanos, m\u00e1s de 30 millones de familias, reciben un programa de la Cuarta Transformaci\u00f3n. Ese dinero que antes se lo robaban, hoy ese dinero est\u00e1 invertido en la gente, en el pueblo. Porque dicen que ese dinero es de los impuestos \u00bfY los impuestos que son? Son recursos del pueblo o \u00bfno?, pues tienen que regresar al pueblo\u201d.<\/p>\n\n\n\n<p>Record\u00f3 las acciones emprendidas por el gobierno de la rep\u00fablica, quien logr\u00f3 que las empresas pagaran los impuestos que las administraciones pasadas les hab\u00edan perdonado; generando m\u00e1s ingresos para las arcas p\u00fablicas.<\/p>\n\n\n\n<p>Remarc\u00f3 el principio indisoluble de la UNIDAD como una medida necesaria para continuar el proceso de TRANSFORMACI\u00d3N: \u201cSomos UNIDOS TODOS con Morena, Somos UNIDOS TODOS con el pueblo, Somos UNIDOS TODOS con la gente, Somos UNIDOS TODOS con las causas de la gente, por eso Somos UNIDOS TODOS, no somos algo aparte somos del movimiento de la Transformaci\u00f3n. Y juntos vamos a continuar esta lucha porque todav\u00eda no acaba\u201d.<\/p>\n\n\n\n<p>Record\u00f3 tambi\u00e9n el aumento al salario m\u00ednimo el cual subi\u00f3 de 88 pesos en el 2018 a 210 pesos en la actualidad. Y la mentira permanente que desde los gobiernos derechistas se voceaba, cuando afirmaban que de incrementarse el salario m\u00ednimo la inflaci\u00f3n se iba a disparar. Cabe destacar que en este evento estuvieron presentes, medios locales de comunicaci\u00f3n, l\u00edderes regionales y ciudadanos provenientes de municipios cercanos.<\/p>\n\n\n\n<figure class=\"wp-block-image size-large\"><img loading=\"lazy\" decoding=\"async\" width=\"1024\" height=\"768\" src=\"https:\/\/encuentroinformativo.com.mx\/wp-content\/uploads\/2023\/07\/IMG-20230729-WA0038-1024x768.jpg\" alt=\"\" class=\"wp-image-43276\" srcset=\"https:\/\/encuentroinformativo.com.mx\/wp-content\/uploads\/2023\/07\/IMG-20230729-WA0038-1024x768.jpg 1024w, https:\/\/encuentroinformativo.com.mx\/wp-content\/uploads\/2023\/07\/IMG-20230729-WA0038-300x225.jpg 300w, https:\/\/encuentroinformativo.com.mx\/wp-content\/uploads\/2023\/07\/IMG-20230729-WA0038-768x576.jpg 768w, https:\/\/encuentroinformativo.com.mx\/wp-content\/uploads\/2023\/07\/IMG-20230729-WA0038-1536x1152.jpg 1536w, https:\/\/encuentroinformativo.com.mx\/wp-content\/uploads\/2023\/07\/IMG-20230729-WA0038.jpg 1600w\" sizes=\"auto, (max-width: 1024px) 100vw, 1024px\" \/><\/figure>\n","protected":false},"excerpt":{"rendered":"<p>Minatitl\u00e1n, Ver.- El Foro Expresi\u00f3n del Pueblo \u201cLa Cuarta Transformaci\u00f3n y hacia d\u00f3nde vamos\u201d que impulsa UNIDOS TODOS, lleg\u00f3 a esta ciudad con su mejor exponente, el maestro Eleazar Guerrero P\u00e9rez quien ofreci\u00f3 una magistral charla sobre la vida pol\u00edtica del estado y del pa\u00eds. Este foro es un espacio de an\u00e1lisis, para intercambiar puntos [&hellip;]<\/p>\n","protected":false},"author":2476,"featured_media":43275,"comment_status":"open","ping_status":"open","sticky":false,"template":"","format":"standard","meta":{"_jetpack_memberships_contains_paid_content":false,"footnotes":""},"categories":[2],"tags":[],"class_list":["post-43274","post","type-post","status-publish","format-standard","has-post-thumbnail","hentry","category-estado"],"jetpack_featured_media_url":"https:\/\/encuentroinformativo.com.mx\/wp-content\/uploads\/2023\/07\/IMG-20230729-WA00362.jpg","jetpack_sharing_enabled":true,"jetpack_likes_enabled":true,"amp_enabled":true,"_links":{"self":[{"href":"https:\/\/encuentroinformativo.com.mx\/index.php?rest_route=\/wp\/v2\/posts\/43274","targetHints":{"allow":["GET"]}}],"collection":[{"href":"https:\/\/encuentroinformativo.com.mx\/index.php?rest_route=\/wp\/v2\/posts"}],"about":[{"href":"https:\/\/encuentroinformativo.com.mx\/index.php?rest_route=\/wp\/v2\/types\/post"}],"author":[{"embeddable":true,"href":"https:\/\/encuentroinformativo.com.mx\/index.php?rest_route=\/wp\/v2\/users\/2476"}],"replies":[{"embeddable":true,"href":"https:\/\/encuentroinformativo.com.mx\/index.php?rest_route=%2Fwp%2Fv2%2Fcomments&post=43274"}],"version-history":[{"count":1,"href":"https:\/\/encuentroinformativo.com.mx\/index.php?rest_route=\/wp\/v2\/posts\/43274\/revisions"}],"predecessor-version":[{"id":43277,"href":"https:\/\/encuentroinformativo.com.mx\/index.php?rest_route=\/wp\/v2\/posts\/43274\/revisions\/43277"}],"wp:featuredmedia":[{"embeddable":true,"href":"https:\/\/encuentroinformativo.com.mx\/index.php?rest_route=\/wp\/v2\/media\/43275"}],"wp:attachment":[{"href":"https:\/\/encuentroinformativo.com.mx\/index.php?rest_route=%2Fwp%2Fv2%2Fmedia&parent=43274"}],"wp:term":[{"taxonomy":"category","embeddable":true,"href":"https:\/\/encuentroinformativo.com.mx\/index.php?rest_route=%2Fwp%2Fv2%2Fcategories&post=43274"},{"taxonomy":"post_tag","embeddable":true,"href":"https:\/\/encuentroinformativo.com.mx\/index.php?rest_route=%2Fwp%2Fv2%2Ftags&post=43274"}],"curies":[{"name":"wp","href":"https:\/\/api.w.org\/{rel}","templated":true}]}}