{"id":43278,"date":"2023-07-29T16:20:15","date_gmt":"2023-07-29T22:20:15","guid":{"rendered":"https:\/\/encuentroinformativo.com.mx\/?p=43278"},"modified":"2023-07-29T16:20:19","modified_gmt":"2023-07-29T22:20:19","slug":"encabeza-alcalde-jm-unanue-el-tradicional-bano-popular-de-santa-ana-2023","status":"publish","type":"post","link":"https:\/\/encuentroinformativo.com.mx\/?p=43278","title":{"rendered":"Encabeza Alcalde JM Un\u00e1nue el tradicional Ba\u00f1o Popular de Santa Ana 2023"},"content":{"rendered":"\n<p><strong>*<em>Junto con Ivonne Montero y Mario Polo, padrinos de lujo, pusieron el ambiente en el tradicional ba\u00f1o de las fiestas patronales<\/em>.<\/strong><\/p>\n\n\n\n<p><strong>*<em>Hoy en punto de las 10 de la noche el tercer gran concierto con La Arrolladora Banda El Lim\u00f3n<\/em>.<\/strong><\/p>\n\n\n\n<p>Boca del R\u00edo, Ver.- Ni la lluvia detuvo la celebraci\u00f3n del tradicional Ba\u00f1o Popular de Santa Ana 2023, que desde temprana hora locales y visitantes se apostaron para divertirse y gozar de la Fiesta Patronal.<\/p>\n\n\n\n<p>\u201cHoy en el ba\u00f1o popular tuvimos una afluencia de seis mil personas, una importante afluencia de locales y visitantes para disfrutar de esta actividad que es una de las que m\u00e1s llama la atenci\u00f3n\u201d, destac\u00f3 el Alcalde de Boca del R\u00edo, Juan Manuel Un\u00e1nue Abascal.<\/p>\n\n\n\n<p>En esta nueva edici\u00f3n, los padrinos de lujo fueron la actriz internacional Ivonne Montero y el cantante veracruzano Mario Polo.<\/p>\n\n\n\n<p>\u201cEstoy m\u00e1s que contenta y agradecida con el Alcalde y su familia hermosa que me recibieron, me entregaron un reconocimiento divino, y agradecida por esta invitaci\u00f3n para poder compartir con esta gente hermosa que es pueblo de mi familia por que mi abuela era de Veracruz\u201d, comparti\u00f3 la madrina de lujo.<\/p>\n\n\n\n<p>Un\u00e1nue Abascal, la Presidenta del DIF Melina Rivera de Un\u00e1nue y su peque\u00f1a hija Aitana Un\u00e1nue Rivera, dieron conteo regresivo para para iniciar el ba\u00f1o popular.<\/p>\n\n\n\n<p>Con la ayuda de los elementos de Bomberos Conurbados y Protecci\u00f3n Civil municipal, abrieron las llaves para mojar a todos los presentes, quienes entusiasmados y listos gozaron el momento.<\/p>\n\n\n\n<p>La Corte Real integrada por Karla Roxanne Gonz\u00e1lez Mojica, Doncella del Mar 2023; Mar\u00eda Rosal\u00edn Cruz Barrientos, Princesa Primera; In\u00e9s de Jes\u00fas Mart\u00ednez Esmediche, Princesa Segunda y Guillermo Rafael Mu\u00f1oz Rodr\u00edguez, Trit\u00f3n 2023, adem\u00e1s de Abril Arz\u00e1bal Molina, Florecita del Mar, junto con las autoridades municipales, interactuaron con los asistentes regalando pelotas multicolores.<\/p>\n\n\n\n<p>Previamente, el Alcalde boque\u00f1o y su esposa, entregaron merecidos reconocimientos a los padrinos del Ba\u00f1o Popular por su participaci\u00f3n en las Fiestas de Santa Ana 2023.<\/p>\n\n\n\n<p>Mario Polo, destacado cantante veracruzano cerr\u00f3 con broche de oro con un concierto, teniendo como escenario la Plaza C\u00edvica boque\u00f1a, convirti\u00e9ndola en una gran pista de baile.<\/p>\n\n\n\n<p>Finalmente, el Presidente Municipal, Juan Manuel Un\u00e1nue Abascal, invit\u00f3 a todos los ciudadanos a seguir gozando de los conciertos masivos, as\u00ed como del Torito Gigante este domingo por la tarde y por la noche Junior Klan.<\/p>\n\n\n\n<p>Para conocer pormenores sobre el programa general, visite las Redes Sociales Oficiales del Ayuntamiento: www.facebook.com\/BocaLoMejorDeVeracruz, Twitter: @_BocadelRio e Instagram: @bocadelrio.ver; as\u00ed como la p\u00e1gina oficial www.fiesta-santa-ana.mx.<\/p>\n\n\n\n<figure class=\"wp-block-image size-large\"><img loading=\"lazy\" decoding=\"async\" width=\"960\" height=\"639\" src=\"https:\/\/encuentroinformativo.com.mx\/wp-content\/uploads\/2023\/07\/IMG-20230729-WA0053.jpg\" alt=\"\" class=\"wp-image-43280\" srcset=\"https:\/\/encuentroinformativo.com.mx\/wp-content\/uploads\/2023\/07\/IMG-20230729-WA0053.jpg 960w, https:\/\/encuentroinformativo.com.mx\/wp-content\/uploads\/2023\/07\/IMG-20230729-WA0053-300x200.jpg 300w, https:\/\/encuentroinformativo.com.mx\/wp-content\/uploads\/2023\/07\/IMG-20230729-WA0053-768x511.jpg 768w\" sizes=\"auto, (max-width: 960px) 100vw, 960px\" \/><\/figure>\n","protected":false},"excerpt":{"rendered":"<p>*Junto con Ivonne Montero y Mario Polo, padrinos de lujo, pusieron el ambiente en el tradicional ba\u00f1o de las fiestas patronales. *Hoy en punto de las 10 de la noche el tercer gran concierto con La Arrolladora Banda El Lim\u00f3n. Boca del R\u00edo, Ver.- Ni la lluvia detuvo la celebraci\u00f3n del tradicional Ba\u00f1o Popular de [&hellip;]<\/p>\n","protected":false},"author":2476,"featured_media":43279,"comment_status":"open","ping_status":"open","sticky":false,"template":"","format":"standard","meta":{"_jetpack_memberships_contains_paid_content":false,"footnotes":""},"categories":[2],"tags":[],"class_list":["post-43278","post","type-post","status-publish","format-standard","has-post-thumbnail","hentry","category-estado"],"jetpack_featured_media_url":"https:\/\/encuentroinformativo.com.mx\/wp-content\/uploads\/2023\/07\/IMG-20230729-WA00542.jpg","jetpack_sharing_enabled":true,"jetpack_likes_enabled":true,"amp_enabled":true,"_links":{"self":[{"href":"https:\/\/encuentroinformativo.com.mx\/index.php?rest_route=\/wp\/v2\/posts\/43278","targetHints":{"allow":["GET"]}}],"collection":[{"href":"https:\/\/encuentroinformativo.com.mx\/index.php?rest_route=\/wp\/v2\/posts"}],"about":[{"href":"https:\/\/encuentroinformativo.com.mx\/index.php?rest_route=\/wp\/v2\/types\/post"}],"author":[{"embeddable":true,"href":"https:\/\/encuentroinformativo.com.mx\/index.php?rest_route=\/wp\/v2\/users\/2476"}],"replies":[{"embeddable":true,"href":"https:\/\/encuentroinformativo.com.mx\/index.php?rest_route=%2Fwp%2Fv2%2Fcomments&post=43278"}],"version-history":[{"count":1,"href":"https:\/\/encuentroinformativo.com.mx\/index.php?rest_route=\/wp\/v2\/posts\/43278\/revisions"}],"predecessor-version":[{"id":43281,"href":"https:\/\/encuentroinformativo.com.mx\/index.php?rest_route=\/wp\/v2\/posts\/43278\/revisions\/43281"}],"wp:featuredmedia":[{"embeddable":true,"href":"https:\/\/encuentroinformativo.com.mx\/index.php?rest_route=\/wp\/v2\/media\/43279"}],"wp:attachment":[{"href":"https:\/\/encuentroinformativo.com.mx\/index.php?rest_route=%2Fwp%2Fv2%2Fmedia&parent=43278"}],"wp:term":[{"taxonomy":"category","embeddable":true,"href":"https:\/\/encuentroinformativo.com.mx\/index.php?rest_route=%2Fwp%2Fv2%2Fcategories&post=43278"},{"taxonomy":"post_tag","embeddable":true,"href":"https:\/\/encuentroinformativo.com.mx\/index.php?rest_route=%2Fwp%2Fv2%2Ftags&post=43278"}],"curies":[{"name":"wp","href":"https:\/\/api.w.org\/{rel}","templated":true}]}}