{"id":43282,"date":"2023-07-29T19:33:32","date_gmt":"2023-07-30T01:33:32","guid":{"rendered":"https:\/\/encuentroinformativo.com.mx\/?p=43282"},"modified":"2023-07-29T19:33:37","modified_gmt":"2023-07-30T01:33:37","slug":"se-reunen-con-eleazar-guerrero-lideres-de-sectores-en-minatitlan","status":"publish","type":"post","link":"https:\/\/encuentroinformativo.com.mx\/?p=43282","title":{"rendered":"Se re\u00fanen con Eleazar Guerrero, l\u00edderes de sectores en Minatitl\u00e1n"},"content":{"rendered":"\n<p>Minatitl\u00e1n, Ver.- L\u00edderes e integrantes del sector comercial, Colegios de Abogados y Asociaci\u00f3n de M\u00e9dicos recibieron al maestro Eleazar Guerrero P\u00e9rez, tras invitarlo a una reuni\u00f3n informativa sobre los logros de la Cuarta Transformaci\u00f3n en el pa\u00eds y Veracruz.<\/p>\n\n\n\n<p>En las instalaciones de la C\u00e1mara Nacional de Comercio (CANACO) Minatitl\u00e1n, luego de su participaci\u00f3n en el Foro de Expresi\u00f3n del Pueblo \u201cLa Cuarta Transformaci\u00f3n y Hacia d\u00f3nde Vamos\u201d en el sal\u00f3n la Mansi\u00f3n, el l\u00edder de Unidos Todos, escuch\u00f3 a hombres y mujeres de sectores importantes de esta ciudad petrolera.<\/p>\n\n\n\n<p>Guerrero P\u00e9rez, resalt\u00f3 la importancia de continuar la lucha de nuestro Presidente Andr\u00e9s Manuel Lopez Obrador y de Cuitl\u00e1huac Garc\u00eda Jim\u00e9nez, los logros de la 4 T y agradeci\u00f3 a los comerciantes y profesionistas presentes su labor e \u00edmpetu por sumarse al proyecto de naci\u00f3n.<\/p>\n\n\n\n<p>\u201cEl apoyo de ustedes es invaluable, son la base de la sociedad, de la econom\u00eda y estoy seguro que con su apoyo continuaremos la lucha y la Transformaci\u00f3n\u201d, afirm\u00f3 ante los presentes.<\/p>\n\n\n\n<p>Escuch\u00f3 sus inquietudes, sentir y proyectos que desde diferentes trincheras abonan el camino del \u00e9xito. Afirmando los y las presentes que agradecen el tiempo dedicado porque es primordial para consolidar caminos.<\/p>\n\n\n\n<p>Finalmente Eleazar Guerrero P\u00e9rez, agradeci\u00f3 la invitaci\u00f3n y reafirm\u00f3 el compromiso de continuar caminando para ser part\u00edcipe del trabajo de todos y todas en la Transformaci\u00f3n del Pa\u00eds y Veracruz.<\/p>\n\n\n\n<figure class=\"wp-block-image size-large\"><img loading=\"lazy\" decoding=\"async\" width=\"768\" height=\"692\" src=\"https:\/\/encuentroinformativo.com.mx\/wp-content\/uploads\/2023\/07\/IMG-20230729-WA00722.jpg\" alt=\"\" class=\"wp-image-43284\" srcset=\"https:\/\/encuentroinformativo.com.mx\/wp-content\/uploads\/2023\/07\/IMG-20230729-WA00722.jpg 768w, https:\/\/encuentroinformativo.com.mx\/wp-content\/uploads\/2023\/07\/IMG-20230729-WA00722-300x270.jpg 300w\" sizes=\"auto, (max-width: 768px) 100vw, 768px\" \/><\/figure>\n","protected":false},"excerpt":{"rendered":"<p>Minatitl\u00e1n, Ver.- L\u00edderes e integrantes del sector comercial, Colegios de Abogados y Asociaci\u00f3n de M\u00e9dicos recibieron al maestro Eleazar Guerrero P\u00e9rez, tras invitarlo a una reuni\u00f3n informativa sobre los logros de la Cuarta Transformaci\u00f3n en el pa\u00eds y Veracruz. En las instalaciones de la C\u00e1mara Nacional de Comercio (CANACO) Minatitl\u00e1n, luego de su participaci\u00f3n en [&hellip;]<\/p>\n","protected":false},"author":2476,"featured_media":43283,"comment_status":"open","ping_status":"open","sticky":false,"template":"","format":"standard","meta":{"_jetpack_memberships_contains_paid_content":false,"footnotes":""},"categories":[2],"tags":[],"class_list":["post-43282","post","type-post","status-publish","format-standard","has-post-thumbnail","hentry","category-estado"],"jetpack_featured_media_url":"https:\/\/encuentroinformativo.com.mx\/wp-content\/uploads\/2023\/07\/IMG-20230729-WA00662.jpg","jetpack_sharing_enabled":true,"jetpack_likes_enabled":true,"amp_enabled":true,"_links":{"self":[{"href":"https:\/\/encuentroinformativo.com.mx\/index.php?rest_route=\/wp\/v2\/posts\/43282","targetHints":{"allow":["GET"]}}],"collection":[{"href":"https:\/\/encuentroinformativo.com.mx\/index.php?rest_route=\/wp\/v2\/posts"}],"about":[{"href":"https:\/\/encuentroinformativo.com.mx\/index.php?rest_route=\/wp\/v2\/types\/post"}],"author":[{"embeddable":true,"href":"https:\/\/encuentroinformativo.com.mx\/index.php?rest_route=\/wp\/v2\/users\/2476"}],"replies":[{"embeddable":true,"href":"https:\/\/encuentroinformativo.com.mx\/index.php?rest_route=%2Fwp%2Fv2%2Fcomments&post=43282"}],"version-history":[{"count":1,"href":"https:\/\/encuentroinformativo.com.mx\/index.php?rest_route=\/wp\/v2\/posts\/43282\/revisions"}],"predecessor-version":[{"id":43285,"href":"https:\/\/encuentroinformativo.com.mx\/index.php?rest_route=\/wp\/v2\/posts\/43282\/revisions\/43285"}],"wp:featuredmedia":[{"embeddable":true,"href":"https:\/\/encuentroinformativo.com.mx\/index.php?rest_route=\/wp\/v2\/media\/43283"}],"wp:attachment":[{"href":"https:\/\/encuentroinformativo.com.mx\/index.php?rest_route=%2Fwp%2Fv2%2Fmedia&parent=43282"}],"wp:term":[{"taxonomy":"category","embeddable":true,"href":"https:\/\/encuentroinformativo.com.mx\/index.php?rest_route=%2Fwp%2Fv2%2Fcategories&post=43282"},{"taxonomy":"post_tag","embeddable":true,"href":"https:\/\/encuentroinformativo.com.mx\/index.php?rest_route=%2Fwp%2Fv2%2Ftags&post=43282"}],"curies":[{"name":"wp","href":"https:\/\/api.w.org\/{rel}","templated":true}]}}