{"id":43289,"date":"2023-07-30T13:39:34","date_gmt":"2023-07-30T19:39:34","guid":{"rendered":"https:\/\/encuentroinformativo.com.mx\/?p=43289"},"modified":"2023-07-30T13:39:38","modified_gmt":"2023-07-30T19:39:38","slug":"el-corazon-de-boca-del-rio-vibro-con-la-arrolladora-banda-el-limon-en-las-fiestas-de-santa-ana-2023","status":"publish","type":"post","link":"https:\/\/encuentroinformativo.com.mx\/?p=43289","title":{"rendered":"El \u201ccoraz\u00f3n\u201d de Boca del R\u00edo vibr\u00f3 con La Arrolladora Banda el Lim\u00f3n en las Fiestas de Santa Ana 2023"},"content":{"rendered":"\n<p><strong>*<em>Con m\u00e1s de 10 mil almas en la Plaza C\u00edvica, se llev\u00f3 a cabo el tercer gran concierto de las fiestas patronales<\/em>.<\/strong><\/p>\n\n\n\n<p><strong>*<em>Este domingo despediremos a Santa Ana 2023 con el Torito Gigante y el concierto de Junior Klan<\/em>.<\/strong><\/p>\n\n\n\n<p>Boca del R\u00edo, Ver.- Con m\u00e1s de 40 a\u00f1os de trayectoria art\u00edstica y m\u00e1s de 30 producciones discogr\u00e1ficas, se present\u00f3 La Arrolladora Banda El Lim\u00f3n en las Fiestas de Santa Ana 2023 con rotundo \u00e9xito ante m\u00e1s de 10 mil asistentes que corearon de inicio a fin sus temas.<\/p>\n\n\n\n<p>El Alcalde de Boca del R\u00edo, Juan Manuel Un\u00e1nue Abascal y la Presidenta del DIF, Melina Rivera de Un\u00e1nue, dieron la bienvenida a todos los que abarrotaron la Plaza C\u00edvica Benito Ju\u00e1rez de la cabecera municipal.<\/p>\n\n\n\n<p>Previo al Tercer Gran Concierto, el alcalde y su esposa entregaron un reconocimiento a la banda sinaloense, enfatizando el cari\u00f1o que les tienen los habitantes boque\u00f1os.<\/p>\n\n\n\n<p>El edil destac\u00f3 que son recibidos con mucho entusiasmo y alegr\u00eda, no solo por los habitantes del municipio, sino tambi\u00e9n por los visitantes que se han dado cita en todas las actividades de las Fiestas de Santa Ana.<\/p>\n\n\n\n<p>Es as\u00ed como el \u201ccoraz\u00f3n\u201d de Boca del R\u00edo vibr\u00f3 al escuchar la entonaci\u00f3n de las primeras notas de la banda fen\u00f3meno que ha traspasado las fronteras con sus diversos \u00e9xitos.<\/p>\n\n\n\n<p>Las emociones se hicieron sentir con temas como \u201cEntre beso y beso\u201d, \u201cSe me cans\u00f3 el coraz\u00f3n\u201d, \u201cLos tres gallos\u201d entre otros, m\u00fasica de amor y despecho fueron aclamadas por el p\u00fablico boque\u00f1o.<br>\u201cPrefiero estar contigo\u201d, fue una de las canciones m\u00e1s esperadas durante la noche, que, al ser interpretada fue coreada por miles de voces en la Plaza C\u00edvica, logrando dejar as\u00ed su huella en la historia de las Fiestas de Santa Ana.<\/p>\n\n\n\n<p>Por \u00faltimo, Un\u00e1nue Abascal record\u00f3 no perderse este domingo por la ma\u00f1ana la clase de SUP Yoga en punto de las 6:00 horas, as\u00ed como el Torito Gigante a las 18:00 horas y por la noche el Gran Concierto de Clausura a cargo de Junior Klan a las 22:00 horas en la Plaza C\u00edvica.<\/p>\n","protected":false},"excerpt":{"rendered":"<p>*Con m\u00e1s de 10 mil almas en la Plaza C\u00edvica, se llev\u00f3 a cabo el tercer gran concierto de las fiestas patronales. *Este domingo despediremos a Santa Ana 2023 con el Torito Gigante y el concierto de Junior Klan. Boca del R\u00edo, Ver.- Con m\u00e1s de 40 a\u00f1os de trayectoria art\u00edstica y m\u00e1s de 30 [&hellip;]<\/p>\n","protected":false},"author":2476,"featured_media":43290,"comment_status":"open","ping_status":"open","sticky":false,"template":"","format":"standard","meta":{"_jetpack_memberships_contains_paid_content":false,"footnotes":""},"categories":[2],"tags":[],"class_list":["post-43289","post","type-post","status-publish","format-standard","has-post-thumbnail","hentry","category-estado"],"jetpack_featured_media_url":"https:\/\/encuentroinformativo.com.mx\/wp-content\/uploads\/2023\/07\/IMG-20230730-WA00112.jpg","jetpack_sharing_enabled":true,"jetpack_likes_enabled":true,"amp_enabled":true,"_links":{"self":[{"href":"https:\/\/encuentroinformativo.com.mx\/index.php?rest_route=\/wp\/v2\/posts\/43289","targetHints":{"allow":["GET"]}}],"collection":[{"href":"https:\/\/encuentroinformativo.com.mx\/index.php?rest_route=\/wp\/v2\/posts"}],"about":[{"href":"https:\/\/encuentroinformativo.com.mx\/index.php?rest_route=\/wp\/v2\/types\/post"}],"author":[{"embeddable":true,"href":"https:\/\/encuentroinformativo.com.mx\/index.php?rest_route=\/wp\/v2\/users\/2476"}],"replies":[{"embeddable":true,"href":"https:\/\/encuentroinformativo.com.mx\/index.php?rest_route=%2Fwp%2Fv2%2Fcomments&post=43289"}],"version-history":[{"count":1,"href":"https:\/\/encuentroinformativo.com.mx\/index.php?rest_route=\/wp\/v2\/posts\/43289\/revisions"}],"predecessor-version":[{"id":43291,"href":"https:\/\/encuentroinformativo.com.mx\/index.php?rest_route=\/wp\/v2\/posts\/43289\/revisions\/43291"}],"wp:featuredmedia":[{"embeddable":true,"href":"https:\/\/encuentroinformativo.com.mx\/index.php?rest_route=\/wp\/v2\/media\/43290"}],"wp:attachment":[{"href":"https:\/\/encuentroinformativo.com.mx\/index.php?rest_route=%2Fwp%2Fv2%2Fmedia&parent=43289"}],"wp:term":[{"taxonomy":"category","embeddable":true,"href":"https:\/\/encuentroinformativo.com.mx\/index.php?rest_route=%2Fwp%2Fv2%2Fcategories&post=43289"},{"taxonomy":"post_tag","embeddable":true,"href":"https:\/\/encuentroinformativo.com.mx\/index.php?rest_route=%2Fwp%2Fv2%2Ftags&post=43289"}],"curies":[{"name":"wp","href":"https:\/\/api.w.org\/{rel}","templated":true}]}}