{"id":43299,"date":"2023-07-30T20:13:32","date_gmt":"2023-07-31T02:13:32","guid":{"rendered":"https:\/\/encuentroinformativo.com.mx\/?p=43299"},"modified":"2023-07-30T20:13:36","modified_gmt":"2023-07-31T02:13:36","slug":"realizan-tequio-agricola-en-texistepec","status":"publish","type":"post","link":"https:\/\/encuentroinformativo.com.mx\/?p=43299","title":{"rendered":"Realizan Tequio Agr\u00edcola en Texistepec"},"content":{"rendered":"\n<p>Texistepec, Ver.- El maestro Eleazar Guerrero P\u00e9rez y Domingo Flores, coordinadores de UNIDOS TODOS y Unidos por Texistepec respectivamente, realizaron una gran Tequio Agr\u00edcola en este lugar, acci\u00f3n en la que participaron m\u00e1s de un centenar de personas.<\/p>\n\n\n\n<p>Esta labor contempl\u00f3 la siembra de m\u00e1s de 2 mil 800 \u00e1rboles, en 10 hect\u00e1reas, donde se plantaron \u00e1rboles como cedro, roble, higo, y ciruelo, entre otras especies.<\/p>\n\n\n\n<p>En entrevista a medios, el maestro Eleazar Guerrero P\u00e9rez inform\u00f3 que en el estado integrantes de UNIDOS TODOS, participan de manera simult\u00e1nea realizando otras actividades. Tareas que desarrollan constantemente los fines de semana, para atender las causas que son parte de un beneficio colectivo.<\/p>\n\n\n\n<p>Destac\u00f3 la importancia de unir esfuerzos con agrupaciones como Unidos por Texistepec para alcanzar mayores logros. Afirm\u00f3 tambi\u00e9n que durante las actividades que desarrollaron en la zona, acudieron a la invitaci\u00f3n que les hicieron, porque adem\u00e1s disfrutan de apoyar en este tipo de acciones tan trascendentes.<\/p>\n\n\n\n<p>Los integrantes de UNIDOS TODOS son aut\u00e9nticos GUERREROS DE LA TRANSFORMACI\u00d3N, porque suman de manera desinteresada a causas que preocupan a la sociedad en su conjunto.<\/p>\n\n\n\n<p>Este es un ejemplo de compromiso, para todos aquellos que se presumen ambientalistas pero, no han sembrado un solo \u00e1rbol.<\/p>\n","protected":false},"excerpt":{"rendered":"<p>Texistepec, Ver.- El maestro Eleazar Guerrero P\u00e9rez y Domingo Flores, coordinadores de UNIDOS TODOS y Unidos por Texistepec respectivamente, realizaron una gran Tequio Agr\u00edcola en este lugar, acci\u00f3n en la que participaron m\u00e1s de un centenar de personas. Esta labor contempl\u00f3 la siembra de m\u00e1s de 2 mil 800 \u00e1rboles, en 10 hect\u00e1reas, donde se [&hellip;]<\/p>\n","protected":false},"author":2476,"featured_media":43300,"comment_status":"open","ping_status":"open","sticky":false,"template":"","format":"standard","meta":{"_jetpack_memberships_contains_paid_content":false,"footnotes":""},"categories":[2],"tags":[],"class_list":["post-43299","post","type-post","status-publish","format-standard","has-post-thumbnail","hentry","category-estado"],"jetpack_featured_media_url":"https:\/\/encuentroinformativo.com.mx\/wp-content\/uploads\/2023\/07\/IMG-20230730-WA0025.jpg","jetpack_sharing_enabled":true,"jetpack_likes_enabled":true,"amp_enabled":true,"_links":{"self":[{"href":"https:\/\/encuentroinformativo.com.mx\/index.php?rest_route=\/wp\/v2\/posts\/43299","targetHints":{"allow":["GET"]}}],"collection":[{"href":"https:\/\/encuentroinformativo.com.mx\/index.php?rest_route=\/wp\/v2\/posts"}],"about":[{"href":"https:\/\/encuentroinformativo.com.mx\/index.php?rest_route=\/wp\/v2\/types\/post"}],"author":[{"embeddable":true,"href":"https:\/\/encuentroinformativo.com.mx\/index.php?rest_route=\/wp\/v2\/users\/2476"}],"replies":[{"embeddable":true,"href":"https:\/\/encuentroinformativo.com.mx\/index.php?rest_route=%2Fwp%2Fv2%2Fcomments&post=43299"}],"version-history":[{"count":1,"href":"https:\/\/encuentroinformativo.com.mx\/index.php?rest_route=\/wp\/v2\/posts\/43299\/revisions"}],"predecessor-version":[{"id":43301,"href":"https:\/\/encuentroinformativo.com.mx\/index.php?rest_route=\/wp\/v2\/posts\/43299\/revisions\/43301"}],"wp:featuredmedia":[{"embeddable":true,"href":"https:\/\/encuentroinformativo.com.mx\/index.php?rest_route=\/wp\/v2\/media\/43300"}],"wp:attachment":[{"href":"https:\/\/encuentroinformativo.com.mx\/index.php?rest_route=%2Fwp%2Fv2%2Fmedia&parent=43299"}],"wp:term":[{"taxonomy":"category","embeddable":true,"href":"https:\/\/encuentroinformativo.com.mx\/index.php?rest_route=%2Fwp%2Fv2%2Fcategories&post=43299"},{"taxonomy":"post_tag","embeddable":true,"href":"https:\/\/encuentroinformativo.com.mx\/index.php?rest_route=%2Fwp%2Fv2%2Ftags&post=43299"}],"curies":[{"name":"wp","href":"https:\/\/api.w.org\/{rel}","templated":true}]}}