{"id":43313,"date":"2023-07-31T17:58:22","date_gmt":"2023-07-31T23:58:22","guid":{"rendered":"https:\/\/encuentroinformativo.com.mx\/?p=43313"},"modified":"2023-07-31T17:58:26","modified_gmt":"2023-07-31T23:58:26","slug":"con-pruebas-de-adn-identificaran-restos-en-caida-de-avioneta","status":"publish","type":"post","link":"https:\/\/encuentroinformativo.com.mx\/?p=43313","title":{"rendered":"Con pruebas de ADN identificar\u00e1n restos en ca\u00edda de avioneta"},"content":{"rendered":"\n<p><strong>Juan Arcos <\/strong><\/p>\n\n\n\n<p>Xalapa, Ver.- A pesar de que se sabe que fueron localizados restos de tres personas en la ca\u00edda de la avioneta tipo Cessna 650 en la zona del recinto portuario, en Veracruz, ser\u00e1 a trav\u00e9s de pruebas de ADN como se podr\u00e1 conocer a qui\u00e9n corresponden, as\u00ed lo inform\u00f3 el gobernador Cuitl\u00e1huac Garc\u00eda Jim\u00e9nez.<\/p>\n\n\n\n<p>En conferencia de prensa se\u00f1al\u00f3 que, &#8220;un peritaje de ADN el que se hace en Nogales es el que va a determinar de qui\u00e9n son estos restos, que solamente se tiene lo que podr\u00eda pertenecer a unas partes del cuerpo y que s\u00f3lo podr\u00eda ser de un cuerpo, faltar\u00eda lo demas&#8221;.<\/p>\n\n\n\n<p>Sostuvo que s\u00ed son tres personas las que fallecieron en el accidente, pero recalc\u00f3 que quien va a corroborar toda esa informaci\u00f3n ser\u00e1 la FGR.<\/p>\n\n\n\n<p>&#8220;Los restos son s\u00f3lo de una persona al parecer. No se puede determinar de quien. Despu\u00e9s del impacto, en la tarde-noche se vino la tormenta y empuja el oleaje hacia la costa y eso dispers\u00f3 y complic\u00f3 la b\u00fasqueda&#8221;, se\u00f1al\u00f3.<\/p>\n\n\n\n<p>Explic\u00f3 que el motivo de la ca\u00edda de la aeronave lo investigar\u00e1 la FGR, la Fiscal\u00eda de Veracruz s\u00f3lo determinar\u00e1 la identidad de los restos humanos.<\/p>\n\n\n\n<p>En tanto que la Marina Armada de M\u00e9xico har\u00e1 un barrido en el mar porque las partes met\u00e1licas pesadas podr\u00edan estar a una distancia menor del impacto o incluso su localizaci\u00f3n podr\u00eda determinar la zona de impacto.<\/p>\n\n\n\n<p>Reconoci\u00f3 que lo complicado es que toda parte flotante, debido a las corrientes marinas, no se quedar\u00e1n ah\u00ed, y entonces buscar\u00e1n las partes pesadas, adem\u00e1s detall\u00f3 que tras el desplome de la aeronave se inici\u00f3 un protocolo de b\u00fasqueda.<\/p>\n\n\n\n<p>Expuso que el punto de ca\u00edda fue aproximadamente 5 kil\u00f3metros del mar, donde hay fuertes corrientes marinas.<\/p>\n\n\n\n<p>Destac\u00f3 adem\u00e1s que elementos de la Marina Armada de M\u00e9xico confirmaron que hab\u00eda restos de una aeronave y a las pocas horas se inform\u00f3 sobre los restos que podr\u00edan pertenecer a una sola persona.<\/p>\n\n\n\n<p>&#8220;Son restos humanos, esos restos no permiten establecer a quien pertenecen ni siquiera asegurar que provienen de los accidentados&#8221;, coment\u00f3.<\/p>\n\n\n\n<p>Finalmente, aclar\u00f3 que a partir de ahora ser\u00e1 la FGR quien d\u00e9 a conocer m\u00e1s informaci\u00f3n porque qued\u00f3 en su manos el caso.<\/p>\n","protected":false},"excerpt":{"rendered":"<p>Juan Arcos Xalapa, Ver.- A pesar de que se sabe que fueron localizados restos de tres personas en la ca\u00edda de la avioneta tipo Cessna 650 en la zona del recinto portuario, en Veracruz, ser\u00e1 a trav\u00e9s de pruebas de ADN como se podr\u00e1 conocer a qui\u00e9n corresponden, as\u00ed lo inform\u00f3 el gobernador Cuitl\u00e1huac Garc\u00eda [&hellip;]<\/p>\n","protected":false},"author":2476,"featured_media":43314,"comment_status":"open","ping_status":"open","sticky":false,"template":"","format":"standard","meta":{"_jetpack_memberships_contains_paid_content":false,"footnotes":""},"categories":[2],"tags":[],"class_list":["post-43313","post","type-post","status-publish","format-standard","has-post-thumbnail","hentry","category-estado"],"jetpack_featured_media_url":"https:\/\/encuentroinformativo.com.mx\/wp-content\/uploads\/2023\/07\/IMG_0634.jpg","jetpack_sharing_enabled":true,"jetpack_likes_enabled":true,"amp_enabled":true,"_links":{"self":[{"href":"https:\/\/encuentroinformativo.com.mx\/index.php?rest_route=\/wp\/v2\/posts\/43313","targetHints":{"allow":["GET"]}}],"collection":[{"href":"https:\/\/encuentroinformativo.com.mx\/index.php?rest_route=\/wp\/v2\/posts"}],"about":[{"href":"https:\/\/encuentroinformativo.com.mx\/index.php?rest_route=\/wp\/v2\/types\/post"}],"author":[{"embeddable":true,"href":"https:\/\/encuentroinformativo.com.mx\/index.php?rest_route=\/wp\/v2\/users\/2476"}],"replies":[{"embeddable":true,"href":"https:\/\/encuentroinformativo.com.mx\/index.php?rest_route=%2Fwp%2Fv2%2Fcomments&post=43313"}],"version-history":[{"count":1,"href":"https:\/\/encuentroinformativo.com.mx\/index.php?rest_route=\/wp\/v2\/posts\/43313\/revisions"}],"predecessor-version":[{"id":43315,"href":"https:\/\/encuentroinformativo.com.mx\/index.php?rest_route=\/wp\/v2\/posts\/43313\/revisions\/43315"}],"wp:featuredmedia":[{"embeddable":true,"href":"https:\/\/encuentroinformativo.com.mx\/index.php?rest_route=\/wp\/v2\/media\/43314"}],"wp:attachment":[{"href":"https:\/\/encuentroinformativo.com.mx\/index.php?rest_route=%2Fwp%2Fv2%2Fmedia&parent=43313"}],"wp:term":[{"taxonomy":"category","embeddable":true,"href":"https:\/\/encuentroinformativo.com.mx\/index.php?rest_route=%2Fwp%2Fv2%2Fcategories&post=43313"},{"taxonomy":"post_tag","embeddable":true,"href":"https:\/\/encuentroinformativo.com.mx\/index.php?rest_route=%2Fwp%2Fv2%2Ftags&post=43313"}],"curies":[{"name":"wp","href":"https:\/\/api.w.org\/{rel}","templated":true}]}}