{"id":43322,"date":"2023-08-01T10:49:39","date_gmt":"2023-08-01T16:49:39","guid":{"rendered":"https:\/\/encuentroinformativo.com.mx\/?p=43322"},"modified":"2023-08-01T10:49:45","modified_gmt":"2023-08-01T16:49:45","slug":"el-negro-cruz","status":"publish","type":"post","link":"https:\/\/encuentroinformativo.com.mx\/?p=43322","title":{"rendered":"EL NEGRO CRUZ"},"content":{"rendered":"\n<p><strong>Los Pol\u00edticos<\/strong><\/p>\n\n\n\n<p><strong>Salvador Mu\u00f1oz<\/strong><\/p>\n\n\n\n<p>All\u00e1 por finales del 2004, est\u00e1bamos Cecilio Garc\u00eda y yo, acompa\u00f1ados de Rafael Cruz Tronco, mejor conocido como El Negro Cruz. Hab\u00eda otra persona que nos acompa\u00f1aba en esa mesa del bar del Hotel Xalapa, pero se pierde en la penumbra del recuerdo, aunque para ser francos, ni esta persona, ni Cecilio y yo cont\u00e1bamos\u2026 el que contaba era el Negro Cruz\u2026<\/p>\n\n\n\n<p>Hablaba de T\u00edo Fide como se habla del amigo, del cuate, del pariente\u2026 sin institucionalismos propios del momento porque ya hab\u00eda algunos que se dirig\u00edan a Herrera Beltr\u00e1n como \u201cEl Se\u00f1or Gobernador\u201d&#8230; El Negro Cruz se dirig\u00eda a su persona de \u201cT\u00fa\u201d, lo que quiz\u00e1s le daba al mismo personaje, ese aire de ser poderoso como Fernando El Magn\u00edfico\u2026 s\u00ed, creo que as\u00ed se llamaba el protagonista de esa historia pol\u00edtica que s\u00f3lo pidi\u00f3 una cosa al Gobernador cuando asumi\u00f3 el poder: No fue una secretar\u00eda, ni una direcci\u00f3n, ni siquiera estar en N\u00f3mina\u2026 s\u00f3lo le pidi\u00f3 que donde quiera que lo viera, lo saludara efusivamente por encima de cualquiera y de cualquier cosa.<\/p>\n\n\n\n<p>Y as\u00ed lo hizo ese Gobernador y entonces, Fernando El Magn\u00edfico era objeto de la atenci\u00f3n de todos, incluido su Gabinete, pues ve\u00edan la deferencia del Jefe a esa persona y empezaban a especular qu\u00e9 tanto pod\u00eda influir en el Gobernador, qu\u00e9 tanto pod\u00eda acercarlos al Gobernador, qu\u00e9 mucho pod\u00eda hablar \u00e9l de ellos al Gobernador\u2026<\/p>\n\n\n\n<p>Pues el Negro Cruz esa sensaci\u00f3n me daba al hablar tan de \u201ct\u00fa\u201d del Gobernador\u2026<\/p>\n\n\n\n<p>Esa persona que estaba en la mesa, que no recuerdo qui\u00e9n era, intervino en un momento en la pl\u00e1tica para sugerirle con mucha insistencia, que contara a Cecilio y a m\u00ed, cuando salv\u00f3 a Fidel\u2026<\/p>\n\n\n\n<p>\u00bfC\u00f3mo? \u00bfQue salv\u00f3 al Gobernador?<\/p>\n\n\n\n<p>Si hubiera sido un pati\u00f1o ese personaje que estaba en la mesa y cuya ingrata memoria me lo borra, se podr\u00eda decir que hab\u00eda cumplido su cometido: gener\u00f3 nuestra expectaci\u00f3n, nuestra curiosidad y sobre todo, a\u00fan m\u00e1s nuestra atenci\u00f3n para escuchar todo o\u00eddos, esa historia\u2026<\/p>\n\n\n\n<p>El Negro Cruz empez\u00f3 diciendo que conoci\u00f3 a Fidel en Nopaltepec, cuando eran ni\u00f1os. All\u00e1 en ese pueblito de la Cuenca, se la pasaban jugando\u2026<\/p>\n\n\n\n<p>Cuenta que estaban nadando, sinceramente no recuerdo si nos dijo d\u00f3nde, en qu\u00e9 parte, ni a qu\u00e9 edad\u2026 lo que s\u00ed recuerdo es que dec\u00eda que Fidel se arroj\u00f3 al agua y su cabeza peg\u00f3 en una ra\u00edz de un \u00e1rbol y al ver eso, el Negro entr\u00f3 al agua para sacarlo porque estaba en malas condiciones\u2026 \u00a1y el Negro salv\u00f3 al negro!<\/p>\n\n\n\n<p>Yo me qued\u00e9 con esa historia de las tantas que platic\u00f3 aquella tarde que se convirti\u00f3 en noche, en un rinc\u00f3n del bar del Hotel Xalapa\u2026<\/p>\n\n\n\n<p>\u00c9se quiz\u00e1 fue el encuentro m\u00e1s cercano que tuve con el Negro Cruz y cuando coincid\u00edamos, era de breves comentarios y despedirse, no sin antes hacer una cita b\u00edblica\u2026<\/p>\n\n\n\n<p>El Negro Cruz sin duda ocupa un espacio dentro del anecdotario pol\u00edtico de nuestro Veracruz, con esos personajes tan singulares que hacen que la grilla tenga cultura, tenga chiste, tenga historia\u2026 un gusto conocer al Negro Cruz.<\/p>\n","protected":false},"excerpt":{"rendered":"<p>Los Pol\u00edticos Salvador Mu\u00f1oz All\u00e1 por finales del 2004, est\u00e1bamos Cecilio Garc\u00eda y yo, acompa\u00f1ados de Rafael Cruz Tronco, mejor conocido como El Negro Cruz. Hab\u00eda otra persona que nos acompa\u00f1aba en esa mesa del bar del Hotel Xalapa, pero se pierde en la penumbra del recuerdo, aunque para ser francos, ni esta persona, ni [&hellip;]<\/p>\n","protected":false},"author":2476,"featured_media":387,"comment_status":"open","ping_status":"open","sticky":false,"template":"","format":"standard","meta":{"_jetpack_memberships_contains_paid_content":false,"footnotes":""},"categories":[11],"tags":[],"class_list":["post-43322","post","type-post","status-publish","format-standard","has-post-thumbnail","hentry","category-opinion"],"jetpack_featured_media_url":"https:\/\/encuentroinformativo.com.mx\/wp-content\/uploads\/2020\/03\/7CF8A22B-2764-47BE-8F7F-38FE9E5D6A2F.jpeg","jetpack_sharing_enabled":true,"jetpack_likes_enabled":true,"amp_enabled":true,"_links":{"self":[{"href":"https:\/\/encuentroinformativo.com.mx\/index.php?rest_route=\/wp\/v2\/posts\/43322","targetHints":{"allow":["GET"]}}],"collection":[{"href":"https:\/\/encuentroinformativo.com.mx\/index.php?rest_route=\/wp\/v2\/posts"}],"about":[{"href":"https:\/\/encuentroinformativo.com.mx\/index.php?rest_route=\/wp\/v2\/types\/post"}],"author":[{"embeddable":true,"href":"https:\/\/encuentroinformativo.com.mx\/index.php?rest_route=\/wp\/v2\/users\/2476"}],"replies":[{"embeddable":true,"href":"https:\/\/encuentroinformativo.com.mx\/index.php?rest_route=%2Fwp%2Fv2%2Fcomments&post=43322"}],"version-history":[{"count":1,"href":"https:\/\/encuentroinformativo.com.mx\/index.php?rest_route=\/wp\/v2\/posts\/43322\/revisions"}],"predecessor-version":[{"id":43323,"href":"https:\/\/encuentroinformativo.com.mx\/index.php?rest_route=\/wp\/v2\/posts\/43322\/revisions\/43323"}],"wp:featuredmedia":[{"embeddable":true,"href":"https:\/\/encuentroinformativo.com.mx\/index.php?rest_route=\/wp\/v2\/media\/387"}],"wp:attachment":[{"href":"https:\/\/encuentroinformativo.com.mx\/index.php?rest_route=%2Fwp%2Fv2%2Fmedia&parent=43322"}],"wp:term":[{"taxonomy":"category","embeddable":true,"href":"https:\/\/encuentroinformativo.com.mx\/index.php?rest_route=%2Fwp%2Fv2%2Fcategories&post=43322"},{"taxonomy":"post_tag","embeddable":true,"href":"https:\/\/encuentroinformativo.com.mx\/index.php?rest_route=%2Fwp%2Fv2%2Ftags&post=43322"}],"curies":[{"name":"wp","href":"https:\/\/api.w.org\/{rel}","templated":true}]}}