{"id":43326,"date":"2023-08-01T11:02:01","date_gmt":"2023-08-01T17:02:01","guid":{"rendered":"https:\/\/encuentroinformativo.com.mx\/?p=43326"},"modified":"2023-08-01T11:02:06","modified_gmt":"2023-08-01T17:02:06","slug":"reclama-diputada-atencion-a-la-ley-monse","status":"publish","type":"post","link":"https:\/\/encuentroinformativo.com.mx\/?p=43326","title":{"rendered":"Reclama diputada atenci\u00f3n a la Ley Monse"},"content":{"rendered":"\n<p><strong>Alejandro \u00c1vila<\/strong><\/p>\n\n\n\n<p>Veracruz, Ver.- Antes de presentar la Ley Monse en el pleno del Congreso de Veracruz, la diputada priista, Anil\u00fa Ingram Vallines trabaj\u00f3 de la mano con la Fiscal\u00eda General del Estado para presentar argumentos s\u00f3lidos que llevar\u00e1n a su aprobaci\u00f3n; situaci\u00f3n por la cual exige una audiencia con Ver\u00f3nica Hern\u00e1ndez Giadans, para conocer el porque ella tampoco ha presionado para que sea aceptada en la Legislatura.<\/p>\n\n\n\n<p>&#8220;Me interesa conocer su opini\u00f3n porque ellos trabajaron en la iniciativa, arrastr\u00e1ramos el l\u00e1piz en la construcci\u00f3n de esta iniciativa&#8221;, expres\u00f3.<\/p>\n\n\n\n<p>Anil\u00fa Ingram recalc\u00f3 que lleva cerca de tres meses solicitando una audiencia con la titular de la Fiscal\u00eda General del Estado y su personal, sin tener \u00e9xito.<\/p>\n\n\n\n<p>&#8220;\u00bfQu\u00e9 te quiero decir con ello?, que si as\u00ed sucede con una persona que ostenta un cargo de representaci\u00f3n popular, qu\u00e9 le espera a la ciudadana o al ciudadano que tiene que irse a manifestar a las instalaciones de la Fiscal\u00eda General del Estado, para ser escuchados si bien les va&#8221;, asest\u00f3.<\/p>\n\n\n\n<p>La legisladora priista dijo que esto demuestra una cerraz\u00f3n total y una falta de empat\u00eda ante la situaci\u00f3n que viven las mujeres en la entidad veracruzana, pues el estado sigue siendo de los primeros lugares a nivel nacional en feminicidios.<\/p>\n\n\n\n<p>&#8220;Y atr\u00e1s de cada n\u00famero hay una familia lastimada. \u00bfY que estamos haciendo o qu\u00e9 est\u00e1 haciendo la Fiscal\u00eda?, maquillando cifras, porque por eso presumen que bajan los \u00edndices de feminicidios, porque van maquillando las cifras, ah\u00ed est\u00e1n los delitos contra la mujer que van a la alza. Y en el caso de Monse no quisiera yo pensar que ha sido una carpeta mal integrada&#8221;, subray\u00f3.<\/p>\n\n\n\n<p>De la misma manera, Anil\u00fa Ingram Vallines dijo que en breve buscar\u00e1 al gobernador, Cuitl\u00e1huac Garc\u00eda Jim\u00e9nez, para tambi\u00e9n dialogar sobre la Ley Monse y que este presione al grupo mayoritario en el Congreso para aprobar su iniciativa en beneficio de las mujeres de Veracruz.<\/p>\n","protected":false},"excerpt":{"rendered":"<p>Alejandro \u00c1vila Veracruz, Ver.- Antes de presentar la Ley Monse en el pleno del Congreso de Veracruz, la diputada priista, Anil\u00fa Ingram Vallines trabaj\u00f3 de la mano con la Fiscal\u00eda General del Estado para presentar argumentos s\u00f3lidos que llevar\u00e1n a su aprobaci\u00f3n; situaci\u00f3n por la cual exige una audiencia con Ver\u00f3nica Hern\u00e1ndez Giadans, para conocer [&hellip;]<\/p>\n","protected":false},"author":2476,"featured_media":43325,"comment_status":"open","ping_status":"open","sticky":false,"template":"","format":"standard","meta":{"_jetpack_memberships_contains_paid_content":false,"footnotes":""},"categories":[2],"tags":[],"class_list":["post-43326","post","type-post","status-publish","format-standard","has-post-thumbnail","hentry","category-estado"],"jetpack_featured_media_url":"https:\/\/encuentroinformativo.com.mx\/wp-content\/uploads\/2023\/08\/IMG-20230801-WA0013.jpg","jetpack_sharing_enabled":true,"jetpack_likes_enabled":true,"amp_enabled":true,"_links":{"self":[{"href":"https:\/\/encuentroinformativo.com.mx\/index.php?rest_route=\/wp\/v2\/posts\/43326","targetHints":{"allow":["GET"]}}],"collection":[{"href":"https:\/\/encuentroinformativo.com.mx\/index.php?rest_route=\/wp\/v2\/posts"}],"about":[{"href":"https:\/\/encuentroinformativo.com.mx\/index.php?rest_route=\/wp\/v2\/types\/post"}],"author":[{"embeddable":true,"href":"https:\/\/encuentroinformativo.com.mx\/index.php?rest_route=\/wp\/v2\/users\/2476"}],"replies":[{"embeddable":true,"href":"https:\/\/encuentroinformativo.com.mx\/index.php?rest_route=%2Fwp%2Fv2%2Fcomments&post=43326"}],"version-history":[{"count":1,"href":"https:\/\/encuentroinformativo.com.mx\/index.php?rest_route=\/wp\/v2\/posts\/43326\/revisions"}],"predecessor-version":[{"id":43327,"href":"https:\/\/encuentroinformativo.com.mx\/index.php?rest_route=\/wp\/v2\/posts\/43326\/revisions\/43327"}],"wp:featuredmedia":[{"embeddable":true,"href":"https:\/\/encuentroinformativo.com.mx\/index.php?rest_route=\/wp\/v2\/media\/43325"}],"wp:attachment":[{"href":"https:\/\/encuentroinformativo.com.mx\/index.php?rest_route=%2Fwp%2Fv2%2Fmedia&parent=43326"}],"wp:term":[{"taxonomy":"category","embeddable":true,"href":"https:\/\/encuentroinformativo.com.mx\/index.php?rest_route=%2Fwp%2Fv2%2Fcategories&post=43326"},{"taxonomy":"post_tag","embeddable":true,"href":"https:\/\/encuentroinformativo.com.mx\/index.php?rest_route=%2Fwp%2Fv2%2Ftags&post=43326"}],"curies":[{"name":"wp","href":"https:\/\/api.w.org\/{rel}","templated":true}]}}