{"id":43328,"date":"2023-08-01T11:04:22","date_gmt":"2023-08-01T17:04:22","guid":{"rendered":"https:\/\/encuentroinformativo.com.mx\/?p=43328"},"modified":"2023-08-01T11:04:25","modified_gmt":"2023-08-01T17:04:25","slug":"por-beisbol-cambian-fecha-de-vera-flow-reggaeton-fest","status":"publish","type":"post","link":"https:\/\/encuentroinformativo.com.mx\/?p=43328","title":{"rendered":"Por b\u00e9isbol, cambian fecha de Vera Flow Reggaeton Fest"},"content":{"rendered":"\n<p><strong>Alejandro \u00c1vila<\/strong><\/p>\n\n\n\n<p>Boca del R\u00edo, Ver.- La primera edici\u00f3n del Vera Flow Reggaeton Fest en Boca del R\u00edo se cambiar\u00e1 de fecha, debido a que el equipo de b\u00e9isbol, \u00c1guila de Veracruz logr\u00f3 su pase a la postemporada de la Liga Mexicana.<\/p>\n\n\n\n<p>El evento se ten\u00eda previsto realizar el 12 de agosto y tendr\u00e1 que ser movido al 2 de diciembre, debido a que durante el octavo mes del a\u00f1o se jugar\u00e1 la pretemporada en el nido del &#8220;Glorioso&#8221; \u00c1guila de Veracruz.<\/p>\n\n\n\n<p>En comunicado, el comit\u00e9 organizador manifest\u00f3 que debido a que el montaje del escenario para un evento de tal magnitud se realiza con varios d\u00edas de anticipaci\u00f3n, esto podr\u00eda interferir con los juegos de local de la novena emplumada durante la postemporada, por lo que para evitar alg\u00fan inconveniente decidieron cambiar la fecha.<\/p>\n\n\n\n<p>De la misma manera, se inform\u00f3 que las personas que requieran un reembolso por el cambio de fecha podr\u00e1n solicitarlo a trav\u00e9s de la p\u00e1gina de la empresa superboleto.<\/p>\n\n\n\n<p>Al d\u00eda de hoy, el \u00c1guila se encuentra en el cuarto sitio de la zona sur, detr\u00e1s de los Diablos Rojos de M\u00e9xico, Olmecas de Tabasco y Pericos de Puebla; este martes inicia serie contra los Sultanes de Monterrey.<\/p>\n\n\n\n<p>Es de mencionar que, hasta el momento los empresarios no han modificado el cart\u00e9s cartel de artistas que se presentar\u00e1 en el Vera Flow debido al cambio de fecha; por lo que los asistentes ver\u00e1n en escenario a Zion y Lennox, Jhay Cortez, Jowell y Randy, DJ Luian, y otros artistas veracruzanos del g\u00e9nero urbano.<\/p>\n","protected":false},"excerpt":{"rendered":"<p>Alejandro \u00c1vila Boca del R\u00edo, Ver.- La primera edici\u00f3n del Vera Flow Reggaeton Fest en Boca del R\u00edo se cambiar\u00e1 de fecha, debido a que el equipo de b\u00e9isbol, \u00c1guila de Veracruz logr\u00f3 su pase a la postemporada de la Liga Mexicana. El evento se ten\u00eda previsto realizar el 12 de agosto y tendr\u00e1 que [&hellip;]<\/p>\n","protected":false},"author":2476,"featured_media":43329,"comment_status":"open","ping_status":"open","sticky":false,"template":"","format":"standard","meta":{"_jetpack_memberships_contains_paid_content":false,"footnotes":""},"categories":[2],"tags":[],"class_list":["post-43328","post","type-post","status-publish","format-standard","has-post-thumbnail","hentry","category-estado"],"jetpack_featured_media_url":"https:\/\/encuentroinformativo.com.mx\/wp-content\/uploads\/2023\/08\/IMG-20230801-WA0008.jpg","jetpack_sharing_enabled":true,"jetpack_likes_enabled":true,"amp_enabled":true,"_links":{"self":[{"href":"https:\/\/encuentroinformativo.com.mx\/index.php?rest_route=\/wp\/v2\/posts\/43328","targetHints":{"allow":["GET"]}}],"collection":[{"href":"https:\/\/encuentroinformativo.com.mx\/index.php?rest_route=\/wp\/v2\/posts"}],"about":[{"href":"https:\/\/encuentroinformativo.com.mx\/index.php?rest_route=\/wp\/v2\/types\/post"}],"author":[{"embeddable":true,"href":"https:\/\/encuentroinformativo.com.mx\/index.php?rest_route=\/wp\/v2\/users\/2476"}],"replies":[{"embeddable":true,"href":"https:\/\/encuentroinformativo.com.mx\/index.php?rest_route=%2Fwp%2Fv2%2Fcomments&post=43328"}],"version-history":[{"count":1,"href":"https:\/\/encuentroinformativo.com.mx\/index.php?rest_route=\/wp\/v2\/posts\/43328\/revisions"}],"predecessor-version":[{"id":43330,"href":"https:\/\/encuentroinformativo.com.mx\/index.php?rest_route=\/wp\/v2\/posts\/43328\/revisions\/43330"}],"wp:featuredmedia":[{"embeddable":true,"href":"https:\/\/encuentroinformativo.com.mx\/index.php?rest_route=\/wp\/v2\/media\/43329"}],"wp:attachment":[{"href":"https:\/\/encuentroinformativo.com.mx\/index.php?rest_route=%2Fwp%2Fv2%2Fmedia&parent=43328"}],"wp:term":[{"taxonomy":"category","embeddable":true,"href":"https:\/\/encuentroinformativo.com.mx\/index.php?rest_route=%2Fwp%2Fv2%2Fcategories&post=43328"},{"taxonomy":"post_tag","embeddable":true,"href":"https:\/\/encuentroinformativo.com.mx\/index.php?rest_route=%2Fwp%2Fv2%2Ftags&post=43328"}],"curies":[{"name":"wp","href":"https:\/\/api.w.org\/{rel}","templated":true}]}}