{"id":4333,"date":"2020-07-23T13:10:31","date_gmt":"2020-07-23T18:10:31","guid":{"rendered":"https:\/\/encuentroinformativo.com\/?p=4333"},"modified":"2020-07-23T13:10:37","modified_gmt":"2020-07-23T18:10:37","slug":"nuevos-partidos-van-contra-reforma-electoral","status":"publish","type":"post","link":"https:\/\/encuentroinformativo.com.mx\/?p=4333","title":{"rendered":"Nuevos partidos van contra Reforma Electoral"},"content":{"rendered":"\n<p><strong>Dario Pale <\/strong><\/p>\n\n\n\n<p>Xalapa, Ver.- El dirigente estatal de Todos por Veracruz, Jes\u00fas V\u00e1zquez Gonz\u00e1lez dio a conocer que la desaparici\u00f3n de los Consejos Municipales y el debilitamiento de la estructura operativa del OPLE impuesta a trav\u00e9s de la reforma constitucional en materia electoral, pone en riesgo la gobernabilidad y el desarrollo de elecciones pac\u00edficas.<\/p>\n\n\n\n<p>En entrevista se\u00f1al\u00f3 que \u201ctodos saben que las elecciones municipales tienen una din\u00e1mica distinta. La gente exige que el escrutinio y c\u00f3mputo sea en su municipio, a cargos de personas que son conocidas en la comunidad. Llevar los paquetes electorales a otro lugar, a veces a varias horas de distancia, generar\u00e1 un clima de conflicto y desconfianza ante la demora en el resultado\u201d.<\/p>\n\n\n\n<p>Luego de dar a conocer que su partido present\u00f3 este jueves una acci\u00f3n de inconstitucionalidad ante la Suprema Corte de Justicia, Jes\u00fas V\u00e1zquez explic\u00f3 que la intenci\u00f3n es controvertir la reducci\u00f3n de consejos municipales y el blindaje de Morena al gobernador Cuitl\u00e1huac Garc\u00eda Jim\u00e9nez al excluirlo de la revocaci\u00f3n de mandato.<\/p>\n\n\n\n<p>Asegur\u00f3 que con esta reforma el Gobernador y su partido Morena buscan eliminar los 209 Consejos Municipales, con lo cual podr\u00e1n manipular 5 mil 300 paquetes electorales en la elecci\u00f3n del 2021, poniendo en riesgo la seguridad del resguardo y traslado de dichos paquetes a los Consejos Distritales, aunado al desempleo que se generar\u00eda por dicha desaparici\u00f3n de los Consejos que en estos momentos de crisis es tan necesario el empleo temporal para los veracruzanos.<\/p>\n\n\n\n<p>\u201cHablan de que habr\u00e1 un ahorro en la organizaci\u00f3n de los comicios. Es falso. Si los paquetes electorales se trasladan a otros municipios, podr\u00edan darse actos o faltas graves que anulen la elecci\u00f3n en municipios m\u00e1s peque\u00f1os, lo que nos llevar\u00eda a tener que realizar elecciones extraordinarias. El gasto ser\u00eda mucho mayor\u201d, coment\u00f3.<\/p>\n\n\n\n<p>Consider\u00f3 que Cuitl\u00e1huac Garc\u00eda Jim\u00e9nez junto con su partido elaboraron esta reforma para controlar al \u00f3rgano electoral y evitar la revocaci\u00f3n de mandato ante los p\u00e9simos resultados de su administraci\u00f3n.<\/p>\n\n\n\n<p>\u201cEs un golpe bajo inadmisible para los ciudadanos, se atenta al principio de certeza y transparencia que tanto desea la ciudadan\u00eda principalmente en una elecci\u00f3n municipal por la cercan\u00eda que guardan los ciudadanos y los candidatos\u201d, consider\u00f3.<\/p>\n\n\n\n<p>Alert\u00f3 que el partido en el poder busca manejar los c\u00f3mputos electorales a fin de ganar la mayor\u00eda de los 212 municipios y de las diputaciones, pues el conteo de votos de 179 elecciones de alcaldes no se contar\u00e1 en el lugar donde se emiti\u00f3, se llevar\u00e1n a los consejos distritales, lo que implica una mayor distancia y horas de traslado.<\/p>\n\n\n\n<p>\u201cSe trata de una reforma con la que no estamos de acuerdo ninguno de los partidos pol\u00edticos, s\u00f3lo el partido en el poder; tampoco lo est\u00e1 el \u00f3rgano electoral porque lo debilita y complica su funci\u00f3n. Esa es la raz\u00f3n por la que hemos recurrido a la Suprema Corte\u201d, finaliz\u00f3.<\/p>\n\n\n\n<p><\/p>\n","protected":false},"excerpt":{"rendered":"<p>Dario Pale Xalapa, Ver.- El dirigente estatal de Todos por Veracruz, Jes\u00fas V\u00e1zquez Gonz\u00e1lez dio a conocer que la desaparici\u00f3n de los Consejos Municipales y el debilitamiento de la estructura operativa del OPLE impuesta a trav\u00e9s de la reforma constitucional en materia electoral, pone en riesgo la gobernabilidad y el desarrollo de elecciones pac\u00edficas. En [&hellip;]<\/p>\n","protected":false},"author":1,"featured_media":4332,"comment_status":"open","ping_status":"open","sticky":false,"template":"","format":"standard","meta":{"_jetpack_memberships_contains_paid_content":false,"footnotes":""},"categories":[2],"tags":[],"class_list":["post-4333","post","type-post","status-publish","format-standard","has-post-thumbnail","hentry","category-estado"],"jetpack_featured_media_url":"https:\/\/encuentroinformativo.com.mx\/wp-content\/uploads\/2020\/07\/ED44D940-6951-4CCD-A8BB-94A12BD249F9.jpeg","jetpack_sharing_enabled":true,"jetpack_likes_enabled":true,"amp_enabled":true,"_links":{"self":[{"href":"https:\/\/encuentroinformativo.com.mx\/index.php?rest_route=\/wp\/v2\/posts\/4333","targetHints":{"allow":["GET"]}}],"collection":[{"href":"https:\/\/encuentroinformativo.com.mx\/index.php?rest_route=\/wp\/v2\/posts"}],"about":[{"href":"https:\/\/encuentroinformativo.com.mx\/index.php?rest_route=\/wp\/v2\/types\/post"}],"author":[{"embeddable":true,"href":"https:\/\/encuentroinformativo.com.mx\/index.php?rest_route=\/wp\/v2\/users\/1"}],"replies":[{"embeddable":true,"href":"https:\/\/encuentroinformativo.com.mx\/index.php?rest_route=%2Fwp%2Fv2%2Fcomments&post=4333"}],"version-history":[{"count":1,"href":"https:\/\/encuentroinformativo.com.mx\/index.php?rest_route=\/wp\/v2\/posts\/4333\/revisions"}],"predecessor-version":[{"id":4335,"href":"https:\/\/encuentroinformativo.com.mx\/index.php?rest_route=\/wp\/v2\/posts\/4333\/revisions\/4335"}],"wp:featuredmedia":[{"embeddable":true,"href":"https:\/\/encuentroinformativo.com.mx\/index.php?rest_route=\/wp\/v2\/media\/4332"}],"wp:attachment":[{"href":"https:\/\/encuentroinformativo.com.mx\/index.php?rest_route=%2Fwp%2Fv2%2Fmedia&parent=4333"}],"wp:term":[{"taxonomy":"category","embeddable":true,"href":"https:\/\/encuentroinformativo.com.mx\/index.php?rest_route=%2Fwp%2Fv2%2Fcategories&post=4333"},{"taxonomy":"post_tag","embeddable":true,"href":"https:\/\/encuentroinformativo.com.mx\/index.php?rest_route=%2Fwp%2Fv2%2Ftags&post=4333"}],"curies":[{"name":"wp","href":"https:\/\/api.w.org\/{rel}","templated":true}]}}