{"id":43333,"date":"2023-08-01T16:22:18","date_gmt":"2023-08-01T22:22:18","guid":{"rendered":"https:\/\/encuentroinformativo.com.mx\/?p=43333"},"modified":"2023-08-01T16:22:23","modified_gmt":"2023-08-01T22:22:23","slug":"disminuyen-casos-de-trata-en-veracruz","status":"publish","type":"post","link":"https:\/\/encuentroinformativo.com.mx\/?p=43333","title":{"rendered":"Disminuyen casos de trata en Veracruz"},"content":{"rendered":"\n<p><strong>Juan Arcos<\/strong><\/p>\n\n\n\n<p>Xalapa, Ver.- En el estado de Veracruz se registr\u00f3 una disminuci\u00f3n en los casos de trata de personas durante el primer trimestre de este a\u00f1o, seg\u00fan cifras oficiales.<\/p>\n\n\n\n<p>De acuerdo con datos del Instituto de Gesti\u00f3n, Administraci\u00f3n y Vinculaci\u00f3n Municipal (IGAVIM), en Veracruz se contabilizaron dos casos durante el primer trimestre de 2022.<\/p>\n\n\n\n<p>Sin embargo, con base en cifras del Secretariado Ejecutivo del Sistema Nacional de Seguridad P\u00fablica (Sesnsp), en el mismo periodo de este a\u00f1o no se registr\u00f3 ning\u00fan caso de trata de personas.<\/p>\n\n\n\n<p>El pasado 30 de julio se conmemor\u00f3 el D\u00eda Internacional Contra la Trata de Personas para concientizar a la poblaci\u00f3n y prevenir dicho delito.<\/p>\n\n\n\n<p>La Red Nacional de Refugios (RNR) indica que las personas que viven pobreza, discriminaci\u00f3n, o violencias, que tienen acceso limitado a la educaci\u00f3n, a la atenci\u00f3n sanitaria o a un trabajo digno, o que proceden de comunidades marginadas, son m\u00e1s propensas a ser v\u00edctimas de trata.<\/p>\n\n\n\n<p>De 2020 a 2021, la trata en M\u00e9xico aument\u00f3 67.3 por ciento. El 67.4 por ciento de los casos de trata son mujeres.<\/p>\n\n\n\n<p>La trata con fines de explotaci\u00f3n sexual increment\u00f3 en un 32.8 por ciento. La explotaci\u00f3n sexual y el trabajo forzado son las dos principales modalidades de trata ejercidas en M\u00e9xico.<\/p>\n\n\n\n<p>Los estados donde hay m\u00e1s casos de trata son: M\u00e9xico, Ciudad de M\u00e9xico, Quintana Roo, Baja California, Puebla, Nuevo Le\u00f3n, Chihuahua, Zacatecas e Hidalgo, seg\u00fan el m\u00e1s reciente reporte de IGAVIM.<\/p>\n","protected":false},"excerpt":{"rendered":"<p>Juan Arcos Xalapa, Ver.- En el estado de Veracruz se registr\u00f3 una disminuci\u00f3n en los casos de trata de personas durante el primer trimestre de este a\u00f1o, seg\u00fan cifras oficiales. De acuerdo con datos del Instituto de Gesti\u00f3n, Administraci\u00f3n y Vinculaci\u00f3n Municipal (IGAVIM), en Veracruz se contabilizaron dos casos durante el primer trimestre de 2022. [&hellip;]<\/p>\n","protected":false},"author":2476,"featured_media":43334,"comment_status":"open","ping_status":"open","sticky":false,"template":"","format":"standard","meta":{"_jetpack_memberships_contains_paid_content":false,"footnotes":""},"categories":[2],"tags":[],"class_list":["post-43333","post","type-post","status-publish","format-standard","has-post-thumbnail","hentry","category-estado"],"jetpack_featured_media_url":"https:\/\/encuentroinformativo.com.mx\/wp-content\/uploads\/2023\/08\/IMG_8119.jpg","jetpack_sharing_enabled":true,"jetpack_likes_enabled":true,"amp_enabled":true,"_links":{"self":[{"href":"https:\/\/encuentroinformativo.com.mx\/index.php?rest_route=\/wp\/v2\/posts\/43333","targetHints":{"allow":["GET"]}}],"collection":[{"href":"https:\/\/encuentroinformativo.com.mx\/index.php?rest_route=\/wp\/v2\/posts"}],"about":[{"href":"https:\/\/encuentroinformativo.com.mx\/index.php?rest_route=\/wp\/v2\/types\/post"}],"author":[{"embeddable":true,"href":"https:\/\/encuentroinformativo.com.mx\/index.php?rest_route=\/wp\/v2\/users\/2476"}],"replies":[{"embeddable":true,"href":"https:\/\/encuentroinformativo.com.mx\/index.php?rest_route=%2Fwp%2Fv2%2Fcomments&post=43333"}],"version-history":[{"count":1,"href":"https:\/\/encuentroinformativo.com.mx\/index.php?rest_route=\/wp\/v2\/posts\/43333\/revisions"}],"predecessor-version":[{"id":43335,"href":"https:\/\/encuentroinformativo.com.mx\/index.php?rest_route=\/wp\/v2\/posts\/43333\/revisions\/43335"}],"wp:featuredmedia":[{"embeddable":true,"href":"https:\/\/encuentroinformativo.com.mx\/index.php?rest_route=\/wp\/v2\/media\/43334"}],"wp:attachment":[{"href":"https:\/\/encuentroinformativo.com.mx\/index.php?rest_route=%2Fwp%2Fv2%2Fmedia&parent=43333"}],"wp:term":[{"taxonomy":"category","embeddable":true,"href":"https:\/\/encuentroinformativo.com.mx\/index.php?rest_route=%2Fwp%2Fv2%2Fcategories&post=43333"},{"taxonomy":"post_tag","embeddable":true,"href":"https:\/\/encuentroinformativo.com.mx\/index.php?rest_route=%2Fwp%2Fv2%2Ftags&post=43333"}],"curies":[{"name":"wp","href":"https:\/\/api.w.org\/{rel}","templated":true}]}}