{"id":43336,"date":"2023-08-01T16:28:38","date_gmt":"2023-08-01T22:28:38","guid":{"rendered":"https:\/\/encuentroinformativo.com.mx\/?p=43336"},"modified":"2023-08-01T16:28:49","modified_gmt":"2023-08-01T22:28:49","slug":"exhibiran-sabana-santa-en-perote","status":"publish","type":"post","link":"https:\/\/encuentroinformativo.com.mx\/?p=43336","title":{"rendered":"Exhibir\u00e1n S\u00e1bana Santa en Perote"},"content":{"rendered":"\n<p><strong>Dario Pale <\/strong><\/p>\n\n\n\n<p>Xalapa, Ver.- La regidora quinta del Ayuntamiento de Perote, Ivana Robledo y el director de Turismo, Emanuel Gonz\u00e1lez Merino, dieron a conocer que el dicho municipio, se exhibir\u00e1 la S\u00e1bana Santa del 12 al 24 de este mes en el Centro Cultural.<\/p>\n\n\n\n<p>En conferencia de prensa indicaron que gracias a una colaboraci\u00f3n y convenio que realizaron hace un a\u00f1o con la Universidad An\u00e1huac M\u00e9xico, son el segundo municipio que tiene esta &#8220;primicia&#8221; de contar con estas exposiciones de talla internacional.\u00a0<\/p>\n\n\n\n<p>Recordaron que el a\u00f1o pasado tuvieron una exposici\u00f3n de Israel, de la Piedra del Mandala y el Facs\u00edmil del Rollo del profeta Isa\u00edas.\u00a0<\/p>\n\n\n\n<p>Acerca de la exposici\u00f3n de la r\u00e9plica de la S\u00e1bana Santa, agreg\u00f3 que habr\u00e1 25 c\u00e9dulas informativas, as\u00ed como una r\u00e9plica de la corona de espinas que marca el negativo de esta S\u00e1bana, r\u00e9plicas de los clavos usados en la crucifixi\u00f3n y la lanza con la fue herido Jes\u00fas.\u00a0<\/p>\n\n\n\n<p>Los horarios son de lunes a viernes, de las 10 de la ma\u00f1ana a las 3 de la tarde, y de 5 a 7:30 de la noche. S\u00e1bados y domingos en horario corrido de las 10 de la ma\u00f1ana a 5 de la tarde la entrada es gratuita.\u00a0<\/p>\n\n\n\n<p>Adem\u00e1s, se\u00f1alaron que uno de los rubros fundamentales de la actual administraci\u00f3n es el turismo, pues recordaron que cuentan con el nombramiento de Municipio con Vocaci\u00f3n Tur\u00edstica.<\/p>\n\n\n\n<p>La estrategia fue, primero, apoyar e impulsar lo local, &#8220;atenci\u00f3n y recorridos guiados a los diferentes destinos que tenemos para poder posicionarnos en el estado&#8221;.<\/p>\n\n\n\n<p>Los funcionarios municipales tambi\u00e9n agradecieron a la Secretar\u00eda de Turismo del Estado por las capacitaciones para poder brindar una mejor atenci\u00f3n a los visitantes.<\/p>\n\n\n\n<p>Las diferentes actividades que se han realizado en el municipio han reunido a casi 100 mil visitantes.<\/p>\n\n\n\n<p>Uno de los eventos insignia, subrayaron, es el de Degustaci\u00f3n de Altura, el cual fue un \u00e9xito y una gran derrama econ\u00f3mica.\u00a0<\/p>\n\n\n\n<p>Tambi\u00e9n el de Arte en el Cielo, que consiste en los ya tradicionales globos aerost\u00e1ticos, junto con la exhibici\u00f3n de papalotes gigantes en la Fortaleza de San Carlos.\u00a0<\/p>\n\n\n\n<p>Finalmente record\u00f3 que en el mes de octubre se celebrar\u00e1n los 200 a\u00f1os de creaci\u00f3n del Heroico Colegio Militar y en el 2025 se conmemoran los 500 a\u00f1os de fundaci\u00f3n de Perote.<\/p>\n","protected":false},"excerpt":{"rendered":"<p>Dario Pale Xalapa, Ver.- La regidora quinta del Ayuntamiento de Perote, Ivana Robledo y el director de Turismo, Emanuel Gonz\u00e1lez Merino, dieron a conocer que el dicho municipio, se exhibir\u00e1 la S\u00e1bana Santa del 12 al 24 de este mes en el Centro Cultural. En conferencia de prensa indicaron que gracias a una colaboraci\u00f3n y [&hellip;]<\/p>\n","protected":false},"author":2476,"featured_media":43337,"comment_status":"open","ping_status":"open","sticky":false,"template":"","format":"standard","meta":{"_jetpack_memberships_contains_paid_content":false,"footnotes":""},"categories":[8],"tags":[],"class_list":["post-43336","post","type-post","status-publish","format-standard","has-post-thumbnail","hentry","category-region"],"jetpack_featured_media_url":"https:\/\/encuentroinformativo.com.mx\/wp-content\/uploads\/2023\/08\/IMG-20230801-WA00462.jpg","jetpack_sharing_enabled":true,"jetpack_likes_enabled":true,"amp_enabled":true,"_links":{"self":[{"href":"https:\/\/encuentroinformativo.com.mx\/index.php?rest_route=\/wp\/v2\/posts\/43336","targetHints":{"allow":["GET"]}}],"collection":[{"href":"https:\/\/encuentroinformativo.com.mx\/index.php?rest_route=\/wp\/v2\/posts"}],"about":[{"href":"https:\/\/encuentroinformativo.com.mx\/index.php?rest_route=\/wp\/v2\/types\/post"}],"author":[{"embeddable":true,"href":"https:\/\/encuentroinformativo.com.mx\/index.php?rest_route=\/wp\/v2\/users\/2476"}],"replies":[{"embeddable":true,"href":"https:\/\/encuentroinformativo.com.mx\/index.php?rest_route=%2Fwp%2Fv2%2Fcomments&post=43336"}],"version-history":[{"count":1,"href":"https:\/\/encuentroinformativo.com.mx\/index.php?rest_route=\/wp\/v2\/posts\/43336\/revisions"}],"predecessor-version":[{"id":43338,"href":"https:\/\/encuentroinformativo.com.mx\/index.php?rest_route=\/wp\/v2\/posts\/43336\/revisions\/43338"}],"wp:featuredmedia":[{"embeddable":true,"href":"https:\/\/encuentroinformativo.com.mx\/index.php?rest_route=\/wp\/v2\/media\/43337"}],"wp:attachment":[{"href":"https:\/\/encuentroinformativo.com.mx\/index.php?rest_route=%2Fwp%2Fv2%2Fmedia&parent=43336"}],"wp:term":[{"taxonomy":"category","embeddable":true,"href":"https:\/\/encuentroinformativo.com.mx\/index.php?rest_route=%2Fwp%2Fv2%2Fcategories&post=43336"},{"taxonomy":"post_tag","embeddable":true,"href":"https:\/\/encuentroinformativo.com.mx\/index.php?rest_route=%2Fwp%2Fv2%2Ftags&post=43336"}],"curies":[{"name":"wp","href":"https:\/\/api.w.org\/{rel}","templated":true}]}}