{"id":43339,"date":"2023-08-01T16:52:17","date_gmt":"2023-08-01T22:52:17","guid":{"rendered":"https:\/\/encuentroinformativo.com.mx\/?p=43339"},"modified":"2023-08-01T16:52:28","modified_gmt":"2023-08-01T22:52:28","slug":"anuncian-segundo-festival-gastronomico-de-altotonga","status":"publish","type":"post","link":"https:\/\/encuentroinformativo.com.mx\/?p=43339","title":{"rendered":"Anuncian segundo festival gastron\u00f3mico de Altotonga"},"content":{"rendered":"\n<p><strong>Dario Pale <\/strong><\/p>\n\n\n\n<p>Xalapa, Ver.- El pr\u00f3ximo fin de semana se realizar\u00e1 el \u201cSegundo Festival Gastron\u00f3mico: Puerta a los Mejores Sabores\u201d, donde esperan vender m\u00e1s de 10 mil garnachas al estilo de ese lugar, as\u00ed lo dio a conocer el presidente municipal de Altotonga, Ignacio Morales Guevara.<\/p>\n\n\n\n<p>En conferencia de prensa asegur\u00f3 que la tradicional garnacha de Altotonga, es mejor que la de Rinconada o las de Soledad de Doblado, o de cualquier otro punto de la geograf\u00eda veracruzana.<\/p>\n\n\n\n<p>Sin embargo, espera que sean los propios visitantes quienes lo decidan, por lo que precis\u00f3 que el festival gastron\u00f3mico se llevar\u00e1 a cabo los d\u00edas 5 y 6 de agosto en los bajos del Palacio Municipal.<\/p>\n\n\n\n<p>El Alcalde se\u00f1al\u00f3 que en coordinaci\u00f3n con la direcci\u00f3n de Turismo, este evento promete deleitar los paladares de los asistentes con una experiencia culinaria \u00fanica y aut\u00e9ntica.<\/p>\n\n\n\n<p>Por ello, invit\u00f3 a todos los ciudadanos y visitantes a participar activamente en este evento culinario y cultural para lograr la meta de venta de 10 mil garnachas, que es el platillo t\u00edpico de la regi\u00f3n, con el objetivo de establecer un r\u00e9cord hist\u00f3rico y demostrar el arraigo y la tradici\u00f3n gastron\u00f3mica de Altotonga.<\/p>\n\n\n\n<p>\u201cEl 2do Festival Gastron\u00f3mico: Puerta a los Mejores Sabores tiene como objetivo principal resaltar la riqueza gastron\u00f3mica de Altotonga y generar una derrama econ\u00f3mica significativa para el municipio\u201d, se\u00f1al\u00f3.<\/p>\n\n\n\n<p>De igual forma, consider\u00f3 que este evento representa una oportunidad para que los visitantes disfruten de los platillos tradicionales de la regi\u00f3n, mientras conocen y aprecian la cultura culinaria \u00fanica que hace de Altotonga un destino especial.<\/p>\n\n\n\n<p>Una de las atracciones destacadas en esta edici\u00f3n del festival es la participaci\u00f3n de un encuentro de artesanos provenientes de diferentes estados de la Rep\u00fablica, quienes exhibir\u00e1n y ofrecer\u00e1n sus productos artesanales.\u00a0<\/p>\n\n\n\n<p>Por \u00faltimo dijo que, los artesanos locales tambi\u00e9n tendr\u00e1n la oportunidad de presentar sus extraordinarias creaciones, lo que sin duda enriquecer\u00e1 la experiencia del festival.<\/p>\n","protected":false},"excerpt":{"rendered":"<p>Dario Pale Xalapa, Ver.- El pr\u00f3ximo fin de semana se realizar\u00e1 el \u201cSegundo Festival Gastron\u00f3mico: Puerta a los Mejores Sabores\u201d, donde esperan vender m\u00e1s de 10 mil garnachas al estilo de ese lugar, as\u00ed lo dio a conocer el presidente municipal de Altotonga, Ignacio Morales Guevara. En conferencia de prensa asegur\u00f3 que la tradicional garnacha [&hellip;]<\/p>\n","protected":false},"author":2476,"featured_media":43340,"comment_status":"open","ping_status":"open","sticky":false,"template":"","format":"standard","meta":{"_jetpack_memberships_contains_paid_content":false,"footnotes":""},"categories":[8],"tags":[],"class_list":["post-43339","post","type-post","status-publish","format-standard","has-post-thumbnail","hentry","category-region"],"jetpack_featured_media_url":"https:\/\/encuentroinformativo.com.mx\/wp-content\/uploads\/2023\/08\/IMG-20230801-WA0053.jpg","jetpack_sharing_enabled":true,"jetpack_likes_enabled":true,"amp_enabled":true,"_links":{"self":[{"href":"https:\/\/encuentroinformativo.com.mx\/index.php?rest_route=\/wp\/v2\/posts\/43339","targetHints":{"allow":["GET"]}}],"collection":[{"href":"https:\/\/encuentroinformativo.com.mx\/index.php?rest_route=\/wp\/v2\/posts"}],"about":[{"href":"https:\/\/encuentroinformativo.com.mx\/index.php?rest_route=\/wp\/v2\/types\/post"}],"author":[{"embeddable":true,"href":"https:\/\/encuentroinformativo.com.mx\/index.php?rest_route=\/wp\/v2\/users\/2476"}],"replies":[{"embeddable":true,"href":"https:\/\/encuentroinformativo.com.mx\/index.php?rest_route=%2Fwp%2Fv2%2Fcomments&post=43339"}],"version-history":[{"count":1,"href":"https:\/\/encuentroinformativo.com.mx\/index.php?rest_route=\/wp\/v2\/posts\/43339\/revisions"}],"predecessor-version":[{"id":43341,"href":"https:\/\/encuentroinformativo.com.mx\/index.php?rest_route=\/wp\/v2\/posts\/43339\/revisions\/43341"}],"wp:featuredmedia":[{"embeddable":true,"href":"https:\/\/encuentroinformativo.com.mx\/index.php?rest_route=\/wp\/v2\/media\/43340"}],"wp:attachment":[{"href":"https:\/\/encuentroinformativo.com.mx\/index.php?rest_route=%2Fwp%2Fv2%2Fmedia&parent=43339"}],"wp:term":[{"taxonomy":"category","embeddable":true,"href":"https:\/\/encuentroinformativo.com.mx\/index.php?rest_route=%2Fwp%2Fv2%2Fcategories&post=43339"},{"taxonomy":"post_tag","embeddable":true,"href":"https:\/\/encuentroinformativo.com.mx\/index.php?rest_route=%2Fwp%2Fv2%2Ftags&post=43339"}],"curies":[{"name":"wp","href":"https:\/\/api.w.org\/{rel}","templated":true}]}}