{"id":43357,"date":"2023-08-01T22:50:29","date_gmt":"2023-08-02T04:50:29","guid":{"rendered":"https:\/\/encuentroinformativo.com.mx\/?p=43357"},"modified":"2023-08-01T22:50:33","modified_gmt":"2023-08-02T04:50:33","slug":"se-reunen-mandos-operativos-con-fiscales-regionales","status":"publish","type":"post","link":"https:\/\/encuentroinformativo.com.mx\/?p=43357","title":{"rendered":"Se re\u00fanen mandos operativos con fiscales regionales"},"content":{"rendered":"\n<p>Xalapa, Ver.- Con el objetivo de garantizar el orden y la paz social, y atendiendo la instrucci\u00f3n del Gobernador Cuitl\u00e1huac Garc\u00eda Jim\u00e9nez, mandos operativos y personal jur\u00eddico de la Secretar\u00eda de Seguridad P\u00fablica (SSP) sostuvieron una reuni\u00f3n de coordinaci\u00f3n con Fiscales de la regi\u00f3n Xalapa.<\/p>\n\n\n\n<p>En las instalaciones del Cuartel Gral. Heriberto Jara Corona, estuvieron presentes autoridades en materia de seguridad p\u00fablica y procuraci\u00f3n de justicia, buscando sumar esfuerzos en las labores para la construcci\u00f3n de la paz en Veracruz.<\/p>\n\n\n\n<p>En la Cuarta Transformaci\u00f3n trabajamos todos los d\u00edas por la seguridad y bienestar de la ciudadan\u00eda.<\/p>\n\n\n\n<figure class=\"wp-block-image size-large\"><img loading=\"lazy\" decoding=\"async\" width=\"1024\" height=\"581\" src=\"https:\/\/encuentroinformativo.com.mx\/wp-content\/uploads\/2023\/08\/IMG-20230801-WA00652-1024x581.jpg\" alt=\"\" class=\"wp-image-43359\" srcset=\"https:\/\/encuentroinformativo.com.mx\/wp-content\/uploads\/2023\/08\/IMG-20230801-WA00652-1024x581.jpg 1024w, https:\/\/encuentroinformativo.com.mx\/wp-content\/uploads\/2023\/08\/IMG-20230801-WA00652-300x170.jpg 300w, https:\/\/encuentroinformativo.com.mx\/wp-content\/uploads\/2023\/08\/IMG-20230801-WA00652-768x436.jpg 768w, https:\/\/encuentroinformativo.com.mx\/wp-content\/uploads\/2023\/08\/IMG-20230801-WA00652.jpg 1499w\" sizes=\"auto, (max-width: 1024px) 100vw, 1024px\" \/><\/figure>\n","protected":false},"excerpt":{"rendered":"<p>Xalapa, Ver.- Con el objetivo de garantizar el orden y la paz social, y atendiendo la instrucci\u00f3n del Gobernador Cuitl\u00e1huac Garc\u00eda Jim\u00e9nez, mandos operativos y personal jur\u00eddico de la Secretar\u00eda de Seguridad P\u00fablica (SSP) sostuvieron una reuni\u00f3n de coordinaci\u00f3n con Fiscales de la regi\u00f3n Xalapa. En las instalaciones del Cuartel Gral. Heriberto Jara Corona, estuvieron [&hellip;]<\/p>\n","protected":false},"author":2476,"featured_media":43358,"comment_status":"open","ping_status":"open","sticky":false,"template":"","format":"standard","meta":{"_jetpack_memberships_contains_paid_content":false,"footnotes":""},"categories":[2],"tags":[],"class_list":["post-43357","post","type-post","status-publish","format-standard","has-post-thumbnail","hentry","category-estado"],"jetpack_featured_media_url":"https:\/\/encuentroinformativo.com.mx\/wp-content\/uploads\/2023\/08\/IMG-20230801-WA0067.jpg","jetpack_sharing_enabled":true,"jetpack_likes_enabled":true,"amp_enabled":true,"_links":{"self":[{"href":"https:\/\/encuentroinformativo.com.mx\/index.php?rest_route=\/wp\/v2\/posts\/43357","targetHints":{"allow":["GET"]}}],"collection":[{"href":"https:\/\/encuentroinformativo.com.mx\/index.php?rest_route=\/wp\/v2\/posts"}],"about":[{"href":"https:\/\/encuentroinformativo.com.mx\/index.php?rest_route=\/wp\/v2\/types\/post"}],"author":[{"embeddable":true,"href":"https:\/\/encuentroinformativo.com.mx\/index.php?rest_route=\/wp\/v2\/users\/2476"}],"replies":[{"embeddable":true,"href":"https:\/\/encuentroinformativo.com.mx\/index.php?rest_route=%2Fwp%2Fv2%2Fcomments&post=43357"}],"version-history":[{"count":1,"href":"https:\/\/encuentroinformativo.com.mx\/index.php?rest_route=\/wp\/v2\/posts\/43357\/revisions"}],"predecessor-version":[{"id":43360,"href":"https:\/\/encuentroinformativo.com.mx\/index.php?rest_route=\/wp\/v2\/posts\/43357\/revisions\/43360"}],"wp:featuredmedia":[{"embeddable":true,"href":"https:\/\/encuentroinformativo.com.mx\/index.php?rest_route=\/wp\/v2\/media\/43358"}],"wp:attachment":[{"href":"https:\/\/encuentroinformativo.com.mx\/index.php?rest_route=%2Fwp%2Fv2%2Fmedia&parent=43357"}],"wp:term":[{"taxonomy":"category","embeddable":true,"href":"https:\/\/encuentroinformativo.com.mx\/index.php?rest_route=%2Fwp%2Fv2%2Fcategories&post=43357"},{"taxonomy":"post_tag","embeddable":true,"href":"https:\/\/encuentroinformativo.com.mx\/index.php?rest_route=%2Fwp%2Fv2%2Ftags&post=43357"}],"curies":[{"name":"wp","href":"https:\/\/api.w.org\/{rel}","templated":true}]}}