{"id":43361,"date":"2023-08-01T22:58:57","date_gmt":"2023-08-02T04:58:57","guid":{"rendered":"https:\/\/encuentroinformativo.com.mx\/?p=43361"},"modified":"2023-08-01T22:59:01","modified_gmt":"2023-08-02T04:59:01","slug":"restauranteros-satisfechos-con-resultados-de-las-fiestas-de-santa-ana","status":"publish","type":"post","link":"https:\/\/encuentroinformativo.com.mx\/?p=43361","title":{"rendered":"Restauranteros satisfechos con resultados de las fiestas de Santa Ana"},"content":{"rendered":"\n<p><b>*<\/b><em style=\"\"><b>El objetivo de la administraci\u00f3n que encabeza el Alcalde Juan Manue<\/b><\/em><strong><em>l Un\u00e1nue es superar lo hecho en cada edici\u00f3n.<\/em><\/strong><\/p>\n\n\n\n<p>Boca del R\u00edo, Ver.- Juan Manuel Un\u00e1nue Abascal, Presidente Municipal de Boca del R\u00edo, coment\u00f3 que su administraci\u00f3n se propuso organizar unas fiestas de Santa Ana en las que no solo se divirtieran, sino tambi\u00e9n que impulsara a la econom\u00eda local y se logr\u00f3.<\/p>\n\n\n\n<p>\u201cNos propusimos realizar unas fiestas de lujo y se lograron, adem\u00e1s de crear una sinergia con los diferentes prestadores de servicios impulsando la reactivaci\u00f3n econ\u00f3mica local, obteni\u00e9ndose extraordinarios resultados\u201d, enfatiz\u00f3 el edil.<\/p>\n\n\n\n<p>Cabe destacar que en las dos \u00faltimas ediciones se aumentaron dos d\u00edas a la fiesta patronal, lo que signific\u00f3 una mejor y mayor derrama econ\u00f3mica en la zona.<\/p>\n\n\n\n<p>Por su parte, el presidente de la Asociaci\u00f3n de Restauranteros de Boca del R\u00edo, Lorenzo Montalvo Iglesias, destac\u00f3 que esta edici\u00f3n 2023 se super\u00f3 al cien por ciento a las anteriores fiestas de Santa Ana.<\/p>\n\n\n\n<p>\u201cEl sector comercial de nuestra zona que pr\u00e1cticamente es la cabecera donde se desarrolla esta tan importante fiesta, fuimos beneficiados de una manera u otra, el comercio se activa y eso es lo que nosotros buscamos y se logr\u00f3\u201d, apunt\u00f3 el empresario.<\/p>\n\n\n\n<p>Recalc\u00f3 que el sector econ\u00f3mico del \u201ccoraz\u00f3n\u201d de Boca del R\u00edo se ha mostrado contento y satisfecho, pues Santa Ana ha contribuido de manera positiva a los diferentes comercios, prestadores de servicios y restaurantes.<\/p>\n\n\n\n<p>Y eso no es todo, Montalvo Iglesias dijo que los beneficios no solo beneficiaron a la cabecera municipal, tambi\u00e9n contribuy\u00f3 a la zona tur\u00edstica de la zona conurbada, principalmente a la industria hotelera, trat\u00e1ndose de una derrama econ\u00f3mica generalizada.<\/p>\n\n\n\n<p>El tambi\u00e9n empresario se\u00f1al\u00f3 que gracias a la buena organizaci\u00f3n, la fiesta m\u00e1s importante de Boca del R\u00edo ha traspasado fronteras llegando m\u00e1s turismo de otras naciones.<\/p>\n\n\n\n<p>Finalmente, el representante de los restauranteros felicit\u00f3 al Presidente Municipal, Juan Manuel Un\u00e1nue Abascal y a su equipo por la extraordinaria organizaci\u00f3n, refrendando su apoyo para las pr\u00f3ximas Fiestas de Santa en el 2024.<\/p>\n","protected":false},"excerpt":{"rendered":"<p>*El objetivo de la administraci\u00f3n que encabeza el Alcalde Juan Manuel Un\u00e1nue es superar lo hecho en cada edici\u00f3n. Boca del R\u00edo, Ver.- Juan Manuel Un\u00e1nue Abascal, Presidente Municipal de Boca del R\u00edo, coment\u00f3 que su administraci\u00f3n se propuso organizar unas fiestas de Santa Ana en las que no solo se divirtieran, sino tambi\u00e9n que [&hellip;]<\/p>\n","protected":false},"author":2476,"featured_media":43362,"comment_status":"open","ping_status":"open","sticky":false,"template":"","format":"standard","meta":{"_jetpack_memberships_contains_paid_content":false,"footnotes":""},"categories":[2],"tags":[],"class_list":["post-43361","post","type-post","status-publish","format-standard","has-post-thumbnail","hentry","category-estado"],"jetpack_featured_media_url":"https:\/\/encuentroinformativo.com.mx\/wp-content\/uploads\/2023\/08\/IMG-20230801-WA00852.jpg","jetpack_sharing_enabled":true,"jetpack_likes_enabled":true,"amp_enabled":true,"_links":{"self":[{"href":"https:\/\/encuentroinformativo.com.mx\/index.php?rest_route=\/wp\/v2\/posts\/43361","targetHints":{"allow":["GET"]}}],"collection":[{"href":"https:\/\/encuentroinformativo.com.mx\/index.php?rest_route=\/wp\/v2\/posts"}],"about":[{"href":"https:\/\/encuentroinformativo.com.mx\/index.php?rest_route=\/wp\/v2\/types\/post"}],"author":[{"embeddable":true,"href":"https:\/\/encuentroinformativo.com.mx\/index.php?rest_route=\/wp\/v2\/users\/2476"}],"replies":[{"embeddable":true,"href":"https:\/\/encuentroinformativo.com.mx\/index.php?rest_route=%2Fwp%2Fv2%2Fcomments&post=43361"}],"version-history":[{"count":1,"href":"https:\/\/encuentroinformativo.com.mx\/index.php?rest_route=\/wp\/v2\/posts\/43361\/revisions"}],"predecessor-version":[{"id":43363,"href":"https:\/\/encuentroinformativo.com.mx\/index.php?rest_route=\/wp\/v2\/posts\/43361\/revisions\/43363"}],"wp:featuredmedia":[{"embeddable":true,"href":"https:\/\/encuentroinformativo.com.mx\/index.php?rest_route=\/wp\/v2\/media\/43362"}],"wp:attachment":[{"href":"https:\/\/encuentroinformativo.com.mx\/index.php?rest_route=%2Fwp%2Fv2%2Fmedia&parent=43361"}],"wp:term":[{"taxonomy":"category","embeddable":true,"href":"https:\/\/encuentroinformativo.com.mx\/index.php?rest_route=%2Fwp%2Fv2%2Fcategories&post=43361"},{"taxonomy":"post_tag","embeddable":true,"href":"https:\/\/encuentroinformativo.com.mx\/index.php?rest_route=%2Fwp%2Fv2%2Ftags&post=43361"}],"curies":[{"name":"wp","href":"https:\/\/api.w.org\/{rel}","templated":true}]}}