{"id":43367,"date":"2023-08-02T13:46:03","date_gmt":"2023-08-02T19:46:03","guid":{"rendered":"https:\/\/encuentroinformativo.com.mx\/?p=43367"},"modified":"2023-08-02T13:46:07","modified_gmt":"2023-08-02T19:46:07","slug":"se-suman-ninos-de-localidades-a-cursos-de-verano-en-tlalixcoyan","status":"publish","type":"post","link":"https:\/\/encuentroinformativo.com.mx\/?p=43367","title":{"rendered":"Se suman ni\u00f1os de localidades a Cursos de Verano en Tlalixcoyan"},"content":{"rendered":"\n<p><strong>Alejandro \u00c1vila<\/strong><\/p>\n\n\n\n<p>Tlalixcoyan, Ver.- Una vez m\u00e1s el Ayuntamiento de Tlalixcoyan a trav\u00e9s del DIF Municipal dio inicio a los Cursos de Verano, teniendo la particularidad de que en esta ocasi\u00f3n se sumaron diversos ni\u00f1os de localidades rurales.<\/p>\n\n\n\n<p>La presidenta municipal, Elvia Illescas Loyo, agradeci\u00f3 el apoyo y el esfuerzo de los padres de familia para llevar a sus peque\u00f1os a realizar actividades recreativas en las sedes del DIF de cabecera municipal y Piedras Negras.<\/p>\n\n\n\n<p>Cabe recordar que, dichos cursos son dirigidos a infantes de los 6 a los 11 a\u00f1os de edad y tienen efecto desde el pasado 31 de julio y concluir\u00e1n el pr\u00f3ximo 11 de agosto, los horarios son 9:30 am a 12:00 pm.<\/p>\n\n\n\n<p>En estas dos semanas se ofrecer\u00e1n talleres de: Cocina, deporte, danza, manualidades, ciencias y art\u00edsticas, para que las peque\u00f1as y peque\u00f1os asistentes aprendan y se diviertan en grande.<\/p>\n","protected":false},"excerpt":{"rendered":"<p>Alejandro \u00c1vila Tlalixcoyan, Ver.- Una vez m\u00e1s el Ayuntamiento de Tlalixcoyan a trav\u00e9s del DIF Municipal dio inicio a los Cursos de Verano, teniendo la particularidad de que en esta ocasi\u00f3n se sumaron diversos ni\u00f1os de localidades rurales. La presidenta municipal, Elvia Illescas Loyo, agradeci\u00f3 el apoyo y el esfuerzo de los padres de familia [&hellip;]<\/p>\n","protected":false},"author":2476,"featured_media":43368,"comment_status":"open","ping_status":"open","sticky":false,"template":"","format":"standard","meta":{"_jetpack_memberships_contains_paid_content":false,"footnotes":""},"categories":[2],"tags":[],"class_list":["post-43367","post","type-post","status-publish","format-standard","has-post-thumbnail","hentry","category-estado"],"jetpack_featured_media_url":"https:\/\/encuentroinformativo.com.mx\/wp-content\/uploads\/2023\/08\/IMG-20230802-WA00082.jpg","jetpack_sharing_enabled":true,"jetpack_likes_enabled":true,"amp_enabled":true,"_links":{"self":[{"href":"https:\/\/encuentroinformativo.com.mx\/index.php?rest_route=\/wp\/v2\/posts\/43367","targetHints":{"allow":["GET"]}}],"collection":[{"href":"https:\/\/encuentroinformativo.com.mx\/index.php?rest_route=\/wp\/v2\/posts"}],"about":[{"href":"https:\/\/encuentroinformativo.com.mx\/index.php?rest_route=\/wp\/v2\/types\/post"}],"author":[{"embeddable":true,"href":"https:\/\/encuentroinformativo.com.mx\/index.php?rest_route=\/wp\/v2\/users\/2476"}],"replies":[{"embeddable":true,"href":"https:\/\/encuentroinformativo.com.mx\/index.php?rest_route=%2Fwp%2Fv2%2Fcomments&post=43367"}],"version-history":[{"count":1,"href":"https:\/\/encuentroinformativo.com.mx\/index.php?rest_route=\/wp\/v2\/posts\/43367\/revisions"}],"predecessor-version":[{"id":43369,"href":"https:\/\/encuentroinformativo.com.mx\/index.php?rest_route=\/wp\/v2\/posts\/43367\/revisions\/43369"}],"wp:featuredmedia":[{"embeddable":true,"href":"https:\/\/encuentroinformativo.com.mx\/index.php?rest_route=\/wp\/v2\/media\/43368"}],"wp:attachment":[{"href":"https:\/\/encuentroinformativo.com.mx\/index.php?rest_route=%2Fwp%2Fv2%2Fmedia&parent=43367"}],"wp:term":[{"taxonomy":"category","embeddable":true,"href":"https:\/\/encuentroinformativo.com.mx\/index.php?rest_route=%2Fwp%2Fv2%2Fcategories&post=43367"},{"taxonomy":"post_tag","embeddable":true,"href":"https:\/\/encuentroinformativo.com.mx\/index.php?rest_route=%2Fwp%2Fv2%2Ftags&post=43367"}],"curies":[{"name":"wp","href":"https:\/\/api.w.org\/{rel}","templated":true}]}}