{"id":43376,"date":"2023-08-02T09:01:30","date_gmt":"2023-08-02T15:01:30","guid":{"rendered":"https:\/\/encuentroinformativo.com.mx\/?p=43376"},"modified":"2023-08-02T14:04:10","modified_gmt":"2023-08-02T20:04:10","slug":"todos-contra-todos","status":"publish","type":"post","link":"https:\/\/encuentroinformativo.com.mx\/?p=43376","title":{"rendered":"TODOS CONTRA TODOS"},"content":{"rendered":"\n<p><strong>Los Pol\u00edticos<\/strong><\/p>\n\n\n\n<p><strong>Salvador Mu\u00f1oz<\/strong><\/p>\n\n\n\n<p>De algo debe estar tranquila Claudia Sheinbaum con respecto a Veracruz: por apoyo, no paran.<\/p>\n\n\n\n<p>As\u00ed, tenemos tres sectores en Morena muy evidentes que de un modo u otro, cada uno con un estilo propio, promueven la imagen de la llamada \u201cCorcholata favorita\u201d del Presidente L\u00f3pez Obrador\u2026<\/p>\n\n\n\n<p>Ah\u00ed tenemos a Yair Ademar Dom\u00ednguez, coordinador de las actividades de Claudia Sheinbaum en Veracruz.<\/p>\n\n\n\n<p>Por otro lado est\u00e1 Darian Escobar L\u00f3pez, coordinadora estatal de la Red de Mujeres #EsClaudia.<\/p>\n\n\n\n<p>Tambi\u00e9n est\u00e1 Unidos Todos, de Eleazar Guerrero, igual, promoviendo la imagen de la \u201cCorcholata\u201d y de paso, la de ellos\u2026<\/p>\n\n\n\n<p>A Yair se le relaciona con el equipo de Eric \u201cBola 8\u201d Cisneros Burgos\u2026 A Darian, aparte de ser hija del titular de la SEV, Zenyazen Escobar, se le vincula con el sector magisterial que est\u00e1 con el secretario de Educaci\u00f3n\u2026<\/p>\n\n\n\n<p>Unidos Todos est\u00e1 identificado con el llamado Grupo Cuitl\u00e1huac donde pudiera entrar hasta el mismo Zenyazen, Sergio Rodr\u00edguez Cort\u00e9s, Juan Carlos Contreras Bautista, Dorheny Garc\u00eda, Jos\u00e9 Luis Lima Franco y los que se me pasen\u2026<\/p>\n\n\n\n<p>Hasta el momento, el equipo de Yair Ademar ha hecho una serie de entrevistas a favor de Claudia Sheinbaum.<\/p>\n\n\n\n<p>Por su parte, Darian activa una serie de encuentros, m\u00edtines, reuniones con mujeres para el mismo fin que el anterior.<\/p>\n\n\n\n<p>Y por su parte, Eleazar y su grupo, m\u00e1s de tierra su trabajo, se dedica a despintar algunas bardas que llevan la promoci\u00f3n de Eric Cisneros Burgos para poner la de Claudia Sheinbaum y de paso, la de Unidos Todos\u2026<\/p>\n\n\n\n<p>Es curioso\u2026 todos tienen un mismo fin pero cada quien jala por su lado, cada quien se levanta el cuello, cada quien se dice \u201cdedo chiquito\u201d de Sheinbaum\u2026<\/p>\n\n\n\n<p>El asunto ser\u00e1 al final, cuando Morena d\u00e9 a conocer qui\u00e9n ser\u00e1 su candidato o candidata\u2026 lo que obliga a cuestionarse: \u00bfAcabar\u00e1n por unir esfuerzos o se esforzar\u00e1n por acabarse entre ellos?<\/p>\n\n\n\n<p>Se dice que al acuerdo que las corcholatas llegaron en su disputa por la candidatura, es la repartici\u00f3n justa, hasta dentro de lo que cabe, del pastel del 2024.<\/p>\n\n\n\n<p>Es decir, el candidato o candidata a la Presidencia se llevar\u00e1 la mayor parte bajo el supuesto de ganar\u2026 se entiende el porqu\u00e9.<\/p>\n\n\n\n<p>Quien quede en segundo lugar en las encuestas, tendr\u00eda una de sus gentes, la Jucopo de San L\u00e1zaro; el tercero, la coordinaci\u00f3n del Senado y el cuarto, un lugar en el Gabinete\u2026 quinto y sexto, \u00a1pelas!<\/p>\n\n\n\n<p>Insisto: todo esto bajo la idea de que van a ganar todas las canicas\u2026<\/p>\n\n\n\n<p>Algo similar a lo que se pretende en Veracruz y en la repartici\u00f3n del pastel del 2024 estar\u00edan Zenyazen, Manuel Huerta, Lima Franco, Dorheny, y hasta Juan Javier G\u00f3mez Cazar\u00edn por los servicios prestados a la Patria en estos casi seis a\u00f1os de poder moreno\u2026<\/p>\n\n\n\n<p>Y s\u00ed, parece que los negritos ser\u00edan v\u00edctimas de \u201cbullying pol\u00edtico\u201d, porque no les ven un cacho de pastel a Bola 8 ni a Cheko\u2026<\/p>\n\n\n\n<p>Claro, en el caso del primero, la migaja ser\u00eda una curul federal\u2026 en el caso del segundo, habr\u00e1 de depender de lo que en el Altiplano se diga\u2026<\/p>\n\n\n\n<p>Mientras, los esfuerzos por separado con un mismo objetivo, permanecen\u2026 habr\u00e1 que ver si hay cabeza fr\u00eda para que en el momento preciso, se unan o se separen m\u00e1s.<\/p>\n","protected":false},"excerpt":{"rendered":"<p>Los Pol\u00edticos Salvador Mu\u00f1oz De algo debe estar tranquila Claudia Sheinbaum con respecto a Veracruz: por apoyo, no paran. As\u00ed, tenemos tres sectores en Morena muy evidentes que de un modo u otro, cada uno con un estilo propio, promueven la imagen de la llamada \u201cCorcholata favorita\u201d del Presidente L\u00f3pez Obrador\u2026 Ah\u00ed tenemos a Yair [&hellip;]<\/p>\n","protected":false},"author":2476,"featured_media":387,"comment_status":"open","ping_status":"open","sticky":false,"template":"","format":"standard","meta":{"_jetpack_memberships_contains_paid_content":false,"footnotes":""},"categories":[11],"tags":[],"class_list":["post-43376","post","type-post","status-publish","format-standard","has-post-thumbnail","hentry","category-opinion"],"jetpack_featured_media_url":"https:\/\/encuentroinformativo.com.mx\/wp-content\/uploads\/2020\/03\/7CF8A22B-2764-47BE-8F7F-38FE9E5D6A2F.jpeg","jetpack_sharing_enabled":true,"jetpack_likes_enabled":true,"amp_enabled":true,"_links":{"self":[{"href":"https:\/\/encuentroinformativo.com.mx\/index.php?rest_route=\/wp\/v2\/posts\/43376","targetHints":{"allow":["GET"]}}],"collection":[{"href":"https:\/\/encuentroinformativo.com.mx\/index.php?rest_route=\/wp\/v2\/posts"}],"about":[{"href":"https:\/\/encuentroinformativo.com.mx\/index.php?rest_route=\/wp\/v2\/types\/post"}],"author":[{"embeddable":true,"href":"https:\/\/encuentroinformativo.com.mx\/index.php?rest_route=\/wp\/v2\/users\/2476"}],"replies":[{"embeddable":true,"href":"https:\/\/encuentroinformativo.com.mx\/index.php?rest_route=%2Fwp%2Fv2%2Fcomments&post=43376"}],"version-history":[{"count":1,"href":"https:\/\/encuentroinformativo.com.mx\/index.php?rest_route=\/wp\/v2\/posts\/43376\/revisions"}],"predecessor-version":[{"id":43377,"href":"https:\/\/encuentroinformativo.com.mx\/index.php?rest_route=\/wp\/v2\/posts\/43376\/revisions\/43377"}],"wp:featuredmedia":[{"embeddable":true,"href":"https:\/\/encuentroinformativo.com.mx\/index.php?rest_route=\/wp\/v2\/media\/387"}],"wp:attachment":[{"href":"https:\/\/encuentroinformativo.com.mx\/index.php?rest_route=%2Fwp%2Fv2%2Fmedia&parent=43376"}],"wp:term":[{"taxonomy":"category","embeddable":true,"href":"https:\/\/encuentroinformativo.com.mx\/index.php?rest_route=%2Fwp%2Fv2%2Fcategories&post=43376"},{"taxonomy":"post_tag","embeddable":true,"href":"https:\/\/encuentroinformativo.com.mx\/index.php?rest_route=%2Fwp%2Fv2%2Ftags&post=43376"}],"curies":[{"name":"wp","href":"https:\/\/api.w.org\/{rel}","templated":true}]}}