{"id":43381,"date":"2023-08-02T14:09:56","date_gmt":"2023-08-02T20:09:56","guid":{"rendered":"https:\/\/encuentroinformativo.com.mx\/?p=43381"},"modified":"2023-08-02T14:09:59","modified_gmt":"2023-08-02T20:09:59","slug":"retraso-en-vacaciones-de-verano-afectaria-a-hoteleros-cometur","status":"publish","type":"post","link":"https:\/\/encuentroinformativo.com.mx\/?p=43381","title":{"rendered":"Retraso en vacaciones de verano afectar\u00eda a hoteleros: COMETUR"},"content":{"rendered":"\n<p><strong>Alejandro \u00c1vila<\/strong><\/p>\n\n\n\n<p>Veracruz, Ver.- El retraso de una semana en la salida de los estudiantes para las vacaciones de verano afectar\u00eda las expectativas del sector hotelero, mencion\u00f3 Sergio Lois Heredia, presidente del Consejo Metropolitano de Turismo (COMETUR).<\/p>\n\n\n\n<p>Ante esta situaci\u00f3n, el empresario coment\u00f3 que espera la ciudadan\u00eda alcance reservar habitaciones hasta el 20 de agosto, para as\u00ed completar cuatro fines de semana de temporada alta como es la costumbre.<\/p>\n\n\n\n<p>&#8220;Lo que nosotros vamos a ver si nos benefici\u00f3 o nos perjudic\u00f3, o simplemente ni nos beneficio, ni nos perjudic\u00f3, nos trajo una temporada alta normal, es el que el calendario de la SEV se haya retrasado una semana, \u00bfpor qu\u00e9?, precisamente por lo que te comento. Ojal\u00e1 pueda terminar la temporada alta hasta el d\u00eda 21, pero hasta ahorita de reservaciones fuertes est\u00e1n hasta el d\u00eda 15, y la \u00faltima semana pareciera que no es de temporada alta, pero solamente con el tiempo y hasta que llegue esa semana vamos a poder ver si esta temporada alta nos va a durar esos cuatro fines de semana o solo tres&#8221;, declar\u00f3.<\/p>\n\n\n\n<p>Sergio Lois Heredia mencion\u00f3 que el hecho de que los alumnos salieran formalmente hasta el viernes 21 de julio evit\u00f3 que se reservaran habitaciones durante el fin de semana del 22 y 23 de julio; teniendo solicitudes de hospedaje a partir del 28, 29 y 30 de julio.<\/p>\n\n\n\n<p>La Secretar\u00eda de Educaci\u00f3n de Veracruz tiene contemplado el ciclo escolar 2023 inicia a partir del 28 de agosto, y este mismo concluya el 16 de julio del 2024.<\/p>\n","protected":false},"excerpt":{"rendered":"<p>Alejandro \u00c1vila Veracruz, Ver.- El retraso de una semana en la salida de los estudiantes para las vacaciones de verano afectar\u00eda las expectativas del sector hotelero, mencion\u00f3 Sergio Lois Heredia, presidente del Consejo Metropolitano de Turismo (COMETUR). Ante esta situaci\u00f3n, el empresario coment\u00f3 que espera la ciudadan\u00eda alcance reservar habitaciones hasta el 20 de agosto, [&hellip;]<\/p>\n","protected":false},"author":2476,"featured_media":43382,"comment_status":"open","ping_status":"open","sticky":false,"template":"","format":"standard","meta":{"_jetpack_memberships_contains_paid_content":false,"footnotes":""},"categories":[2],"tags":[],"class_list":["post-43381","post","type-post","status-publish","format-standard","has-post-thumbnail","hentry","category-estado"],"jetpack_featured_media_url":"https:\/\/encuentroinformativo.com.mx\/wp-content\/uploads\/2023\/08\/IMG-20230802-WA0003.jpg","jetpack_sharing_enabled":true,"jetpack_likes_enabled":true,"amp_enabled":true,"_links":{"self":[{"href":"https:\/\/encuentroinformativo.com.mx\/index.php?rest_route=\/wp\/v2\/posts\/43381","targetHints":{"allow":["GET"]}}],"collection":[{"href":"https:\/\/encuentroinformativo.com.mx\/index.php?rest_route=\/wp\/v2\/posts"}],"about":[{"href":"https:\/\/encuentroinformativo.com.mx\/index.php?rest_route=\/wp\/v2\/types\/post"}],"author":[{"embeddable":true,"href":"https:\/\/encuentroinformativo.com.mx\/index.php?rest_route=\/wp\/v2\/users\/2476"}],"replies":[{"embeddable":true,"href":"https:\/\/encuentroinformativo.com.mx\/index.php?rest_route=%2Fwp%2Fv2%2Fcomments&post=43381"}],"version-history":[{"count":1,"href":"https:\/\/encuentroinformativo.com.mx\/index.php?rest_route=\/wp\/v2\/posts\/43381\/revisions"}],"predecessor-version":[{"id":43383,"href":"https:\/\/encuentroinformativo.com.mx\/index.php?rest_route=\/wp\/v2\/posts\/43381\/revisions\/43383"}],"wp:featuredmedia":[{"embeddable":true,"href":"https:\/\/encuentroinformativo.com.mx\/index.php?rest_route=\/wp\/v2\/media\/43382"}],"wp:attachment":[{"href":"https:\/\/encuentroinformativo.com.mx\/index.php?rest_route=%2Fwp%2Fv2%2Fmedia&parent=43381"}],"wp:term":[{"taxonomy":"category","embeddable":true,"href":"https:\/\/encuentroinformativo.com.mx\/index.php?rest_route=%2Fwp%2Fv2%2Fcategories&post=43381"},{"taxonomy":"post_tag","embeddable":true,"href":"https:\/\/encuentroinformativo.com.mx\/index.php?rest_route=%2Fwp%2Fv2%2Ftags&post=43381"}],"curies":[{"name":"wp","href":"https:\/\/api.w.org\/{rel}","templated":true}]}}