{"id":43384,"date":"2023-08-02T14:12:39","date_gmt":"2023-08-02T20:12:39","guid":{"rendered":"https:\/\/encuentroinformativo.com.mx\/?p=43384"},"modified":"2023-08-02T14:13:15","modified_gmt":"2023-08-02T20:13:15","slug":"rehabilitan-avenida-juan-pablo-ii-en-boca-del-rio","status":"publish","type":"post","link":"https:\/\/encuentroinformativo.com.mx\/?p=43384","title":{"rendered":"Rehabilitan avenida Juan Pablo II en Boca del R\u00edo"},"content":{"rendered":"\n<p><strong>Alejandro \u00c1vila<\/strong><\/p>\n\n\n\n<p>Boca del R\u00edo, Ver.- A partir de este primero de agosto y durante 60 d\u00edas, el tramo intermedio de la avenida Juan Pablo II en el municipio de Boca del R\u00edo ser\u00e1 inhabilitado debido a la rehabilitaci\u00f3n de la calle.<\/p>\n\n\n\n<p>En un comunicado emitido por el Ayuntamiento de Boca del R\u00edo se inform\u00f3 que los trabajos se realizar\u00e1n sobre la avenida Juan Pablo II, entre las avenidas Costa Verde y Espa\u00f1a.<\/p>\n\n\n\n<p>En una primera etapa ser\u00e1 la rehabilitaci\u00f3n en concreto hidr\u00e1ulico sobre Juan Pablo II direcci\u00f3n Costa Verde a Espa\u00f1a posteriormente ser\u00e1 a la inversa.<\/p>\n\n\n\n<p>Debido a que esta es una de las arterias viales m\u00e1s importantes del municipio, se inst\u00f3 a los automovilistas y autobuses de pasaje a tomar v\u00edas alternas para evitar alg\u00fan contratiempo en sus actividades diarias.<\/p>\n\n\n\n<p>Cabe mencionar que el alcalde, Juan Manuel Unanue Abascal, inform\u00f3 que en el transcurso de su cuatrienio est\u00e1 importante avenida quedar\u00e1 rehabilitada en su totalidad, terminando la tercera etapa, de Espa\u00f1a a D\u00edaz Mir\u00f3n, en el ejercicio fiscal 2024.<\/p>\n\n\n\n<figure class=\"wp-block-image size-large\"><img loading=\"lazy\" decoding=\"async\" width=\"1024\" height=\"1024\" src=\"https:\/\/encuentroinformativo.com.mx\/wp-content\/uploads\/2023\/08\/IMG-20230802-WA0010-1024x1024.jpg\" alt=\"\" class=\"wp-image-43385\" srcset=\"https:\/\/encuentroinformativo.com.mx\/wp-content\/uploads\/2023\/08\/IMG-20230802-WA0010-1024x1024.jpg 1024w, https:\/\/encuentroinformativo.com.mx\/wp-content\/uploads\/2023\/08\/IMG-20230802-WA0010-300x300.jpg 300w, https:\/\/encuentroinformativo.com.mx\/wp-content\/uploads\/2023\/08\/IMG-20230802-WA0010-150x150.jpg 150w, https:\/\/encuentroinformativo.com.mx\/wp-content\/uploads\/2023\/08\/IMG-20230802-WA0010-768x768.jpg 768w, https:\/\/encuentroinformativo.com.mx\/wp-content\/uploads\/2023\/08\/IMG-20230802-WA0010.jpg 1080w\" sizes=\"auto, (max-width: 1024px) 100vw, 1024px\" \/><\/figure>\n","protected":false},"excerpt":{"rendered":"<p>Alejandro \u00c1vila Boca del R\u00edo, Ver.- A partir de este primero de agosto y durante 60 d\u00edas, el tramo intermedio de la avenida Juan Pablo II en el municipio de Boca del R\u00edo ser\u00e1 inhabilitado debido a la rehabilitaci\u00f3n de la calle. En un comunicado emitido por el Ayuntamiento de Boca del R\u00edo se inform\u00f3 [&hellip;]<\/p>\n","protected":false},"author":2476,"featured_media":43385,"comment_status":"open","ping_status":"open","sticky":false,"template":"","format":"standard","meta":{"_jetpack_memberships_contains_paid_content":false,"footnotes":""},"categories":[2],"tags":[],"class_list":["post-43384","post","type-post","status-publish","format-standard","has-post-thumbnail","hentry","category-estado"],"jetpack_featured_media_url":"https:\/\/encuentroinformativo.com.mx\/wp-content\/uploads\/2023\/08\/IMG-20230802-WA0010.jpg","jetpack_sharing_enabled":true,"jetpack_likes_enabled":true,"amp_enabled":true,"_links":{"self":[{"href":"https:\/\/encuentroinformativo.com.mx\/index.php?rest_route=\/wp\/v2\/posts\/43384","targetHints":{"allow":["GET"]}}],"collection":[{"href":"https:\/\/encuentroinformativo.com.mx\/index.php?rest_route=\/wp\/v2\/posts"}],"about":[{"href":"https:\/\/encuentroinformativo.com.mx\/index.php?rest_route=\/wp\/v2\/types\/post"}],"author":[{"embeddable":true,"href":"https:\/\/encuentroinformativo.com.mx\/index.php?rest_route=\/wp\/v2\/users\/2476"}],"replies":[{"embeddable":true,"href":"https:\/\/encuentroinformativo.com.mx\/index.php?rest_route=%2Fwp%2Fv2%2Fcomments&post=43384"}],"version-history":[{"count":2,"href":"https:\/\/encuentroinformativo.com.mx\/index.php?rest_route=\/wp\/v2\/posts\/43384\/revisions"}],"predecessor-version":[{"id":43387,"href":"https:\/\/encuentroinformativo.com.mx\/index.php?rest_route=\/wp\/v2\/posts\/43384\/revisions\/43387"}],"wp:featuredmedia":[{"embeddable":true,"href":"https:\/\/encuentroinformativo.com.mx\/index.php?rest_route=\/wp\/v2\/media\/43385"}],"wp:attachment":[{"href":"https:\/\/encuentroinformativo.com.mx\/index.php?rest_route=%2Fwp%2Fv2%2Fmedia&parent=43384"}],"wp:term":[{"taxonomy":"category","embeddable":true,"href":"https:\/\/encuentroinformativo.com.mx\/index.php?rest_route=%2Fwp%2Fv2%2Fcategories&post=43384"},{"taxonomy":"post_tag","embeddable":true,"href":"https:\/\/encuentroinformativo.com.mx\/index.php?rest_route=%2Fwp%2Fv2%2Ftags&post=43384"}],"curies":[{"name":"wp","href":"https:\/\/api.w.org\/{rel}","templated":true}]}}