{"id":43396,"date":"2023-08-03T13:20:39","date_gmt":"2023-08-03T19:20:39","guid":{"rendered":"https:\/\/encuentroinformativo.com.mx\/?p=43396"},"modified":"2023-08-03T13:20:43","modified_gmt":"2023-08-03T19:20:43","slug":"localizan-restos-humanos-en-altamar-se-presume-son-de-victimas-de-avionazo","status":"publish","type":"post","link":"https:\/\/encuentroinformativo.com.mx\/?p=43396","title":{"rendered":"Localizan  restos humanos en altamar se presume son de v\u00edctimas de avionazo"},"content":{"rendered":"\n<p><strong>Alejandro \u00c1vila<\/strong><\/p>\n\n\n\n<p>Veracruz, Ver.- La tarde noche de este mi\u00e9rcoles se realiz\u00f3 un intenso despliegue de elementos de la Secretar\u00eda de Marina en el litoral veracruzano tras un reporte de restos humanos en altamar, los cuales se presume podr\u00edan ser de las v\u00edctimas de la avionazo ocurrido la semana pasada.<\/p>\n\n\n\n<p>Al centro de mando de Capitan\u00eda del Puerto lleg\u00f3 el reporte de avistamiento de restos humanos en el mar de Veracruz, por lo que esos informaron a la Fiscal\u00eda General del Estado y en conjunto se inici\u00f3 una b\u00fasqueda en la zona.<\/p>\n\n\n\n<p>Por la noche sobre el malec\u00f3n de Veracruz lleg\u00f3 una lancha tipo Interceptor, la cual transportaba los restos humanos que posiblemente podr\u00edan ser de las tres v\u00edctimas del avionazo.<\/p>\n\n\n\n<p>Los &#8220;paquetes&#8221; fueron recibidos por elementos de Servicios Periciales, Polic\u00eda Ministerial y personal de ASIPONA; se pudo conocer que en las pr\u00f3ximas horas la Fiscal\u00eda estar\u00e1 realizando an\u00e1lisis de ADN, para conocer si efectivamente los restos pertenecen alguno de los tripulantes del avi\u00f3n.<\/p>\n\n\n\n<p>Cabe recordar que fue a las 20:49 de la noche del pasado mi\u00e9rcoles 29 de julio cuando el la aeronave de tipo Cessna 650 bimotor con matr\u00edcula XB-VFJ, perdi\u00f3 el contacto con la torre de control del aeropuerto &#8220;Heriberto Jara Corona&#8221; de Veracruz.<\/p>\n\n\n\n<p>Tres minutos despu\u00e9s, a las 20:52, se confirm\u00f3 que la aeronave que era Propiedad de la Comercializadora S. A. de C. V. y que parti\u00f3 de Veracruz con destino a Toluca, Estado de M\u00e9xico, desapareci\u00f3 del radar muy cerca de la costa.<\/p>\n\n\n\n<p>En aquel momento se activaron los protocolos de b\u00fasqueda, pero desde un principio se dio a conocer que no se esperaba que pudiera haber alg\u00fan sobreviviente al fat\u00eddico hecho que moviliz\u00f3 a los tres niveles de gobierno.<\/p>\n\n\n\n<p>En la avioneta viajaban el Capit\u00e1n Arturo Priego, su Copiloto Jorge Rub\u00ed, quienes llevaban al conocido empresario de nombre Daniel Flores Nava; este \u00faltimo operador pol\u00edtico del precandidato a la presidencia de la Rep\u00fablica, Adan Augusto Lopez.<\/p>\n\n\n\n<p>El rescate de los restos de las v\u00edctimas, as\u00ed como de la mencionada aeronave se han dificultado debido a las malas condiciones climatol\u00f3gicas que se han presentado durante todo el fin pasado y principio de esta semana.<\/p>\n","protected":false},"excerpt":{"rendered":"<p>Alejandro \u00c1vila Veracruz, Ver.- La tarde noche de este mi\u00e9rcoles se realiz\u00f3 un intenso despliegue de elementos de la Secretar\u00eda de Marina en el litoral veracruzano tras un reporte de restos humanos en altamar, los cuales se presume podr\u00edan ser de las v\u00edctimas de la avionazo ocurrido la semana pasada. Al centro de mando de [&hellip;]<\/p>\n","protected":false},"author":2476,"featured_media":43397,"comment_status":"open","ping_status":"open","sticky":false,"template":"","format":"standard","meta":{"_jetpack_memberships_contains_paid_content":false,"footnotes":""},"categories":[2],"tags":[],"class_list":["post-43396","post","type-post","status-publish","format-standard","has-post-thumbnail","hentry","category-estado"],"jetpack_featured_media_url":"https:\/\/encuentroinformativo.com.mx\/wp-content\/uploads\/2023\/08\/IMG-20230803-WA0016.jpg","jetpack_sharing_enabled":true,"jetpack_likes_enabled":true,"amp_enabled":true,"_links":{"self":[{"href":"https:\/\/encuentroinformativo.com.mx\/index.php?rest_route=\/wp\/v2\/posts\/43396","targetHints":{"allow":["GET"]}}],"collection":[{"href":"https:\/\/encuentroinformativo.com.mx\/index.php?rest_route=\/wp\/v2\/posts"}],"about":[{"href":"https:\/\/encuentroinformativo.com.mx\/index.php?rest_route=\/wp\/v2\/types\/post"}],"author":[{"embeddable":true,"href":"https:\/\/encuentroinformativo.com.mx\/index.php?rest_route=\/wp\/v2\/users\/2476"}],"replies":[{"embeddable":true,"href":"https:\/\/encuentroinformativo.com.mx\/index.php?rest_route=%2Fwp%2Fv2%2Fcomments&post=43396"}],"version-history":[{"count":1,"href":"https:\/\/encuentroinformativo.com.mx\/index.php?rest_route=\/wp\/v2\/posts\/43396\/revisions"}],"predecessor-version":[{"id":43398,"href":"https:\/\/encuentroinformativo.com.mx\/index.php?rest_route=\/wp\/v2\/posts\/43396\/revisions\/43398"}],"wp:featuredmedia":[{"embeddable":true,"href":"https:\/\/encuentroinformativo.com.mx\/index.php?rest_route=\/wp\/v2\/media\/43397"}],"wp:attachment":[{"href":"https:\/\/encuentroinformativo.com.mx\/index.php?rest_route=%2Fwp%2Fv2%2Fmedia&parent=43396"}],"wp:term":[{"taxonomy":"category","embeddable":true,"href":"https:\/\/encuentroinformativo.com.mx\/index.php?rest_route=%2Fwp%2Fv2%2Fcategories&post=43396"},{"taxonomy":"post_tag","embeddable":true,"href":"https:\/\/encuentroinformativo.com.mx\/index.php?rest_route=%2Fwp%2Fv2%2Ftags&post=43396"}],"curies":[{"name":"wp","href":"https:\/\/api.w.org\/{rel}","templated":true}]}}