{"id":43402,"date":"2023-08-03T13:26:16","date_gmt":"2023-08-03T19:26:16","guid":{"rendered":"https:\/\/encuentroinformativo.com.mx\/?p=43402"},"modified":"2023-08-03T13:26:19","modified_gmt":"2023-08-03T19:26:19","slug":"en-aumento-acoso-cibernetico-y-violencia-digital-regidora","status":"publish","type":"post","link":"https:\/\/encuentroinformativo.com.mx\/?p=43402","title":{"rendered":"En aumento acoso cibern\u00e9tico y violencia digital: Regidora"},"content":{"rendered":"\n<p><strong>Alejandro \u00c1vila<\/strong><\/p>\n\n\n\n<p>Veracruz, Ver.- La regidora de Morena, Lissethe Mart\u00ednez Echeverr\u00eda, inst\u00f3 a las mujeres a denunciar el acoso cibern\u00e9tico y la violencia digital, que asegur\u00f3 d\u00eda a d\u00eda va en incremento.<\/p>\n\n\n\n<p>&#8220;En ese sentido quiero hacerle un llamado a todas las mujeres veracruzanas, a las adolescentes y ni\u00f1as, que no echen el saco roto un tipo de violencia, una acoso en redes sociales o una difamaci\u00f3n, pongan su denuncia, yo creo que hay que fomentar la cultura de la denuncia para ir erradicando cualquier tipo de violencia en este sector&#8221;, enfatiz\u00f3.<\/p>\n\n\n\n<p>Es de recordar que, hace unas semanas la edil emanada del partido Morena acudi\u00f3 a la Fiscal\u00eda General de Veracruz a presentar su denuncia por acoso cibern\u00e9tico, violencia digital y violencia pol\u00edtica en raz\u00f3n de g\u00e9nero, delitos que actualmente se encuentran tipificados en la entidad veracruzana.<\/p>\n\n\n\n<p>&#8220;Actualmente, toda esta investigaci\u00f3n y esta denuncia se encuentra en la carpeta con n\u00famero 19\/2023\/EE, donde se est\u00e1 llevando a cabo la investigaci\u00f3n pertinente (\u2026) todo es un proceso, sin embargo, te puedo decir que con mi equipo de asesores legales, abogados, y mi equipo de trabajo hemos abonado esta investigaci\u00f3n, y hemos visto que desafortunadamente muchos de estos perfiles, muchos, pues son afines a un funcionario p\u00fablico del partido de oposici\u00f3n&#8221;, subray\u00f3.<\/p>\n\n\n\n<p>Lissethe Mart\u00ednez Echeverr\u00eda lament\u00f3 se contin\u00fae agrediendo a su persona a trav\u00e9s de redes sociales, pues asegur\u00f3 ella ha respetado la labor que el resto de los funcionarios p\u00fablicos, y en sus perfiles personales solo difunde las actividades de su partido, y los programas de apoyo que brinda a trav\u00e9s de la regidur\u00eda a su cargo.<\/p>\n\n\n\n<p>&#8220;No soy la \u00fanica, actualmente las mujeres y m\u00e1s las mujeres que estamos en el ojo p\u00fablico, en la funci\u00f3n p\u00fablica, pues somos v\u00edctimas de ese tipo de delito que es el acoso cibern\u00e9tico o la violencia digital. Sin embargo no tenemos la cultura de la denuncia, porque no sabemos que esto o no identificamos que esto est\u00e1 violent\u00e1ndonos&#8221;, remat\u00f3.<\/p>\n","protected":false},"excerpt":{"rendered":"<p>Alejandro \u00c1vila Veracruz, Ver.- La regidora de Morena, Lissethe Mart\u00ednez Echeverr\u00eda, inst\u00f3 a las mujeres a denunciar el acoso cibern\u00e9tico y la violencia digital, que asegur\u00f3 d\u00eda a d\u00eda va en incremento. &#8220;En ese sentido quiero hacerle un llamado a todas las mujeres veracruzanas, a las adolescentes y ni\u00f1as, que no echen el saco roto [&hellip;]<\/p>\n","protected":false},"author":2476,"featured_media":43403,"comment_status":"open","ping_status":"open","sticky":false,"template":"","format":"standard","meta":{"_jetpack_memberships_contains_paid_content":false,"footnotes":""},"categories":[2],"tags":[],"class_list":["post-43402","post","type-post","status-publish","format-standard","has-post-thumbnail","hentry","category-estado"],"jetpack_featured_media_url":"https:\/\/encuentroinformativo.com.mx\/wp-content\/uploads\/2023\/08\/IMG-20230803-WA00192.jpg","jetpack_sharing_enabled":true,"jetpack_likes_enabled":true,"amp_enabled":true,"_links":{"self":[{"href":"https:\/\/encuentroinformativo.com.mx\/index.php?rest_route=\/wp\/v2\/posts\/43402","targetHints":{"allow":["GET"]}}],"collection":[{"href":"https:\/\/encuentroinformativo.com.mx\/index.php?rest_route=\/wp\/v2\/posts"}],"about":[{"href":"https:\/\/encuentroinformativo.com.mx\/index.php?rest_route=\/wp\/v2\/types\/post"}],"author":[{"embeddable":true,"href":"https:\/\/encuentroinformativo.com.mx\/index.php?rest_route=\/wp\/v2\/users\/2476"}],"replies":[{"embeddable":true,"href":"https:\/\/encuentroinformativo.com.mx\/index.php?rest_route=%2Fwp%2Fv2%2Fcomments&post=43402"}],"version-history":[{"count":1,"href":"https:\/\/encuentroinformativo.com.mx\/index.php?rest_route=\/wp\/v2\/posts\/43402\/revisions"}],"predecessor-version":[{"id":43404,"href":"https:\/\/encuentroinformativo.com.mx\/index.php?rest_route=\/wp\/v2\/posts\/43402\/revisions\/43404"}],"wp:featuredmedia":[{"embeddable":true,"href":"https:\/\/encuentroinformativo.com.mx\/index.php?rest_route=\/wp\/v2\/media\/43403"}],"wp:attachment":[{"href":"https:\/\/encuentroinformativo.com.mx\/index.php?rest_route=%2Fwp%2Fv2%2Fmedia&parent=43402"}],"wp:term":[{"taxonomy":"category","embeddable":true,"href":"https:\/\/encuentroinformativo.com.mx\/index.php?rest_route=%2Fwp%2Fv2%2Fcategories&post=43402"},{"taxonomy":"post_tag","embeddable":true,"href":"https:\/\/encuentroinformativo.com.mx\/index.php?rest_route=%2Fwp%2Fv2%2Ftags&post=43402"}],"curies":[{"name":"wp","href":"https:\/\/api.w.org\/{rel}","templated":true}]}}